{"id":6982,"date":"2021-02-06T12:05:23","date_gmt":"2021-02-06T11:05:23","guid":{"rendered":"https:\/\/mchm.ch\/neu\/?p=6982"},"modified":"2021-02-06T16:41:55","modified_gmt":"2021-02-06T15:41:55","slug":"wir-haben-einen-freund-verloren","status":"publish","type":"post","link":"https:\/\/mchm.ch\/neu\/?p=6982","title":{"rendered":"Wir haben einen Freund verloren"},"content":{"rendered":"<p><a href=\"https:\/\/mchm.ch\/neu\/?attachment_id=6996\" rel=\"attachment wp-att-6996\"><img loading=\"lazy\" decoding=\"async\" class=\"alignnone wp-image-6996\" src=\"https:\/\/mchm.ch\/neu\/wp-content\/uploads\/2021\/02\/Simon_Schwarz_2.jpg\" alt=\"\" width=\"260\" height=\"260\" srcset=\"https:\/\/mchm.ch\/neu\/wp-content\/uploads\/2021\/02\/Simon_Schwarz_2.jpg 227w, https:\/\/mchm.ch\/neu\/wp-content\/uploads\/2021\/02\/Simon_Schwarz_2-150x150.jpg 150w\" sizes=\"auto, (max-width: 260px) 100vw, 260px\" \/><\/a><\/p>\n<p><strong><a href=\"https:\/\/mchm.ch\/neu\/?attachment_id=6983\" rel=\"attachment wp-att-6983\">Nachruf auf Simon Schwarz, 18. Aug. 1966 &#8211; 11. Dez. 2020<\/a><\/strong><\/p>\n<p style=\"text-align: left;\"><span style=\"color: #333399;\">Am 28. Dezember nahm eine grosse Trauergemeinde live in der Kirche M\u00e4rstetten und online via Videostream Abschied von Simon Schwarz. Am 18. August 1966 hatte er das Licht der Welt erblickt und wuchs zusammen mit drei Geschwistern im kleinen Weiler Oberoppikon auf, wo seine Eltern eine Wirtschaft betrieben. In seiner unbek\u00fcmmerten Kindheits- und Jugendzeit pr\u00e4gten ihn die Erlebnisse in der Gesamtschule (1. &#8211; 6. Klassen zusammen unterrichtet) und die Sekundarschule Affeltrangen. Nach seiner Lehre als Maschinenzeichner bei der Mowag AG in Kreuzlingen startete er seine Aus- und Weiterbildung in Richtung Informatik, die ihn zeitlebens begleitete. Die Zeiten bei den Firmen APG und UMB bezeichnete er als pr\u00e4gend und sehr bereichernd.<\/span><\/p>\n<p style=\"text-align: left;\"><span style=\"color: #333399;\">Nach einem halbj\u00e4hrigen Londonaufenthalt lernte er seine zuk\u00fcnftige Frau Tanja kennen und lieben. Den beiden wurden drei Jungs geschenkt. Die Familie fand in M\u00e4rstetten ihr Zuhause. Das Familienleben, gemeinsame Ferien und der Kontakt zu Freunden waren f\u00fcr Simon immer wichtig. In seiner Freizeit genoss er den Gesang im M\u00e4nnerchor M\u00e4rstetten. Eingetreten am 8. April 1993, \u00fcbernahm er bald Verantwortung als Vorstandsmitglied und stellte sich in den letzten acht Jahren als umsichtiger und engagierter Pr\u00e4sident zur Verf\u00fcgung. Auch die von ihm als Regisseur in Szene gesetzten Theaterauff\u00fchrungen im Rahmen der Abendunterhaltungen blieben bei Vielen in bester Erinnerung.<\/span><\/p>\n<p><span style=\"color: #333399;\">Nach einer Krebsdiagnose im August verschlechterte sich sein Gesundheitszustand rapide und er und sein Umfeld mussten sich mit seiner Endlichkeit auseinandersetzen. So verfasste er seinen eigenen Lebenslauf und besprach mit dem Pfarrer seine Abschiedsfeier. Im Kreise seiner Familie nahm er am 11. Dezember f\u00fcr immer Abschied von dieser irdischen Welt. Die Betroffenheit und die Anteilnahme im Dorf sind gross. War es vor dem Gottesdienst noch sp\u00e4therbstlich und grau, war nach dem Gottesdienst alles weiss und dicke Schneeflocken fielen sanft zu Boden, wie um das Schwere auf leichte Weise aufzunehmen.<\/span><\/p>\n","protected":false},"excerpt":{"rendered":"<p>Nachruf auf Simon Schwarz, 18. Aug. 1966 &#8211; 11. Dez. 2020 Am 28. Dezember nahm eine grosse Trauergemeinde live in der Kirche M\u00e4rstetten und online via Videostream Abschied von Simon Schwarz. Am 18. August 1966 hatte er das Licht der &hellip; <a href=\"https:\/\/mchm.ch\/neu\/?p=6982\">Weiterlesen <span class=\"meta-nav\">&rarr;<\/span><\/a><\/p>\n","protected":false},"author":3,"featured_media":0,"comment_status":"open","ping_status":"closed","sticky":false,"template":"","format":"standard","meta":{"ngg_post_thumbnail":0,"footnotes":""},"categories":[1],"tags":[],"class_list":["post-6982","post","type-post","status-publish","format-standard","hentry","category-uncategorized"],"_links":{"self":[{"href":"https:\/\/mchm.ch\/neu\/index.php?rest_route=\/wp\/v2\/posts\/6982","targetHints":{"allow":["GET"]}}],"collection":[{"href":"https:\/\/mchm.ch\/neu\/index.php?rest_route=\/wp\/v2\/posts"}],"about":[{"href":"https:\/\/mchm.ch\/neu\/index.php?rest_route=\/wp\/v2\/types\/post"}],"author":[{"embeddable":true,"href":"https:\/\/mchm.ch\/neu\/index.php?rest_route=\/wp\/v2\/users\/3"}],"replies":[{"embeddable":true,"href":"https:\/\/mchm.ch\/neu\/index.php?rest_route=%2Fwp%2Fv2%2Fcomments&post=6982"}],"version-history":[{"count":18,"href":"https:\/\/mchm.ch\/neu\/index.php?rest_route=\/wp\/v2\/posts\/6982\/revisions"}],"predecessor-version":[{"id":7011,"href":"https:\/\/mchm.ch\/neu\/index.php?rest_route=\/wp\/v2\/posts\/6982\/revisions\/7011"}],"wp:attachment":[{"href":"https:\/\/mchm.ch\/neu\/index.php?rest_route=%2Fwp%2Fv2%2Fmedia&parent=6982"}],"wp:term":[{"taxonomy":"category","embeddable":true,"href":"https:\/\/mchm.ch\/neu\/index.php?rest_route=%2Fwp%2Fv2%2Fcategories&post=6982"},{"taxonomy":"post_tag","embeddable":true,"href":"https:\/\/mchm.ch\/neu\/index.php?rest_route=%2Fwp%2Fv2%2Ftags&post=6982"}],"curies":[{"name":"wp","href":"https:\/\/api.w.org\/{rel}","templated":true}]}}