{"id":7020,"date":"2021-02-17T17:18:46","date_gmt":"2021-02-17T16:18:46","guid":{"rendered":"https:\/\/mchm.ch\/neu\/?p=7020"},"modified":"2021-06-25T15:52:00","modified_gmt":"2021-06-25T13:52:00","slug":"7020","status":"publish","type":"post","link":"https:\/\/mchm.ch\/neu\/?p=7020","title":{"rendered":"Der neue Pfarrer von M\u00e4rstetten &#8211; unser S\u00e4ngerkamerad"},"content":{"rendered":"<p><a href=\"https:\/\/mchm.ch\/neu\/?attachment_id=7028\" rel=\"attachment wp-att-7028\"><img loading=\"lazy\" decoding=\"async\" class=\"wp-image-7028 alignleft\" src=\"https:\/\/mchm.ch\/neu\/wp-content\/uploads\/2021\/02\/Coll_Tobias-300x146.jpg\" alt=\"\" width=\"636\" height=\"310\"><\/a><\/p>\n<p>&nbsp;<\/p>\n<p><span style=\"color: #000080;\">Am Sonntag, 14. Februar 2021 ist unser gew\u00e4hlter Pfarrer Tobias Arni feierlich in sein Amt eingesetzt worden. Wir gratulieren unserem S\u00e4ngerkollegen ganz herzlich und w\u00fcnschen ihm Freude und Befriedigung in seiner anspruchsvollen T\u00e4tigkeit.<br \/>\n<\/span><\/p>\n","protected":false},"excerpt":{"rendered":"<p>&nbsp; Am Sonntag, 14. Februar 2021 ist unser gew\u00e4hlter Pfarrer Tobias Arni feierlich in sein Amt eingesetzt worden. Wir gratulieren unserem S\u00e4ngerkollegen ganz herzlich und w\u00fcnschen ihm Freude und Befriedigung in seiner anspruchsvollen T\u00e4tigkeit.<\/p>\n","protected":false},"author":3,"featured_media":0,"comment_status":"open","ping_status":"closed","sticky":false,"template":"","format":"standard","meta":{"ngg_post_thumbnail":0,"footnotes":""},"categories":[1],"tags":[],"class_list":["post-7020","post","type-post","status-publish","format-standard","hentry","category-uncategorized"],"_links":{"self":[{"href":"https:\/\/mchm.ch\/neu\/index.php?rest_route=\/wp\/v2\/posts\/7020","targetHints":{"allow":["GET"]}}],"collection":[{"href":"https:\/\/mchm.ch\/neu\/index.php?rest_route=\/wp\/v2\/posts"}],"about":[{"href":"https:\/\/mchm.ch\/neu\/index.php?rest_route=\/wp\/v2\/types\/post"}],"author":[{"embeddable":true,"href":"https:\/\/mchm.ch\/neu\/index.php?rest_route=\/wp\/v2\/users\/3"}],"replies":[{"embeddable":true,"href":"https:\/\/mchm.ch\/neu\/index.php?rest_route=%2Fwp%2Fv2%2Fcomments&post=7020"}],"version-history":[{"count":27,"href":"https:\/\/mchm.ch\/neu\/index.php?rest_route=\/wp\/v2\/posts\/7020\/revisions"}],"predecessor-version":[{"id":7048,"href":"https:\/\/mchm.ch\/neu\/index.php?rest_route=\/wp\/v2\/posts\/7020\/revisions\/7048"}],"wp:attachment":[{"href":"https:\/\/mchm.ch\/neu\/index.php?rest_route=%2Fwp%2Fv2%2Fmedia&parent=7020"}],"wp:term":[{"taxonomy":"category","embeddable":true,"href":"https:\/\/mchm.ch\/neu\/index.php?rest_route=%2Fwp%2Fv2%2Fcategories&post=7020"},{"taxonomy":"post_tag","embeddable":true,"href":"https:\/\/mchm.ch\/neu\/index.php?rest_route=%2Fwp%2Fv2%2Ftags&post=7020"}],"curies":[{"name":"wp","href":"https:\/\/api.w.org\/{rel}","templated":true}]}}