{"id":7060,"date":"2021-08-01T17:34:48","date_gmt":"2021-08-01T15:34:48","guid":{"rendered":"https:\/\/mchm.ch\/neu\/?p=7060"},"modified":"2021-08-29T15:54:17","modified_gmt":"2021-08-29T13:54:17","slug":"verspaetete-jahresversammlung-2021","status":"publish","type":"post","link":"https:\/\/mchm.ch\/neu\/?p=7060","title":{"rendered":"Versp\u00e4tete Jahresversammlung 2021"},"content":{"rendered":"<p><a href=\"https:\/\/mchm.ch\/neu\/?attachment_id=7082\" rel=\"attachment wp-att-7082\"><img loading=\"lazy\" decoding=\"async\" class=\"alignnone wp-image-7082\" src=\"https:\/\/mchm.ch\/neu\/wp-content\/uploads\/2021\/08\/Vorstand-1024x691.jpg\" alt=\"\" width=\"625\" height=\"407\"><\/a><em><span style=\"color: #000000;\">Unser Vorstand: Klaus Wamsler, Dominik Graf, Franz-Karl Hasler, Christof Hess, Hans Zwicky.<\/span><\/em><\/p>\n<p><span style=\"color: #000080;\">Mit gut drei Monaten Versp\u00e4tung konnte die Jahresversammlung des M\u00e4nnerchors M\u00e4rstetten doch noch durchgef\u00fchrt werden. Anstatt wie vorgesehen anfangs M\u00e4rz trafen sich 15 aktive S\u00e4nger sowie unser Dirigent Jakub Dzialak am 24. Juni in der offenen Scheune bei unserem S\u00e4ngerkameraden Kurt St\u00e4heli in Amlikon.<\/span><\/p>\n<p><span style=\"color: #000080;\">\u00dcberschattet wurde das vergangene Vereinsjahr durch den unerwarteten Hinschied unseres Pr\u00e4sidenten Simon Schwarz, der am 11. Dezember 2020 nach kurzer und schwerer Krankheit viel zu fr\u00fch von uns gehen musste. In einer Schweigeminute zu Beginn der Versammlung gedachten wir unseres gesch\u00e4tzten S\u00e4ngerfreundes und erinnerten uns an all die sch\u00f6nen Stunden, die wir sowohl im Verein als auch privat mit ihm zusammen verbringen durften.<\/span><\/p>\n<p><span style=\"color: #000080;\">Gesangstechnisch standen sowohl das vergangene wie auch die erste H\u00e4lfte des laufenden Jahres im Zeichen der Coronapandemie. Waren Gesangsproben seit M\u00e4rz 2020 w\u00e4hrend langer Zeit grunds\u00e4tzlich verboten, so waren sie sp\u00e4ter aufgrund der auferlegten Schutzkonzepte kaum sinnvoll durchf\u00fchrbar. Und auch die gem\u00fctlichen &#8222;feuchten Proben&#8220; fielen w\u00e4hrend geraumer Zeit dem Lockdown zum Opfer.<\/span><\/p>\n<p><span style=\"color: #000080;\">Der einzige \u00f6ffentliche Auftritt im Jahr 2020 war am Bettag, an welchem eine kleine Formation aus acht S\u00e4ngern den Gottesdienst gesanglich umrahmte. Das geplante Chortreffen in der Weitsicht sowie das kantonale Gesangsfest in Frauenfeld mussten leider abgesagt werden. Im laufenden Jahr findet die turnusgem\u00e4ss anstehende Abendunterhaltung im Herbst ebenfalls nicht statt. Die Planungsunsicherheit aufgrund der Pandemie wie auch die nach \u00fcber einem Ja<\/span><span style=\"color: #000080;\">hr ohne Proben etwas eingerosteten Stimmen verunm\u00f6glichen dies leider. Hingegen wird der M\u00e4nnerchor &#8211; sofern erlaubt &#8211; am Bettag wie gewohnt im Gottesdienst mitwirken.<\/span><\/p>\n<p><span style=\"color: #000080;\">Als neuer Pr\u00e4sident wurde Hans Zwicky glanzvoll gew\u00e4hlt; er hatte das Amt bereits ad interim inne. F\u00fcr den vakanten Sitz im Vorstand stellte sich Franz-Karl Hasler zur Verf\u00fcgung. Auch er wurde einstimmig gew\u00e4hlt. Die Ehrungen f\u00fcr fleissigen Probenbesuch entfielen coronabedingt; hingegen wurde unser 2.-Tenors\u00e4nger Anton Wieland vom Kantonalverband f\u00fcr insgesamt 50 Jahre Chorgesang ausgezeichnet.<\/span><\/p>\n<p><span style=\"color: #000080;\">Nach gut einer Stunde wurde die in gewohnt flotter Manier durchgef\u00fchrte Versammlung geschlossen und wir konnten zum gem\u00fctlichen Teil \u00fcbergehen. Unser Gastgeber Kurt hatte Fleischk\u00e4se und Kartoffelgratin sowie Salat organisiert, und nat\u00fcrlich durfte sp\u00e4ter beim Kuchenbuffet auch die legend\u00e4re Ananastorte aus der K\u00fcche seiner Mutter Trudi St\u00e4heli nicht fehlen. An dieser Stelle nochmals ganz herzlichen Dank f\u00fcr die Gastfreundschaft!<\/span><\/p>\n<p><span style=\"color: #000080;\">Der M\u00e4nnerchor M\u00e4rstetten freut sich auf neue Stimmen in Tenor und Bass. Am 9. September veranstalten wir einen Schnuppertag f\u00fcr interessierte neue S\u00e4nger. Aber auch sonst treffen wir uns jeweils am Donnerstagabend um 20.15 Uhr im Kirchgemeindehaus M\u00e4rstetten. Melden Sie sich ungeniert bei Hans Zwicky (078 823 24 88) oder Dominik Graf (079 426 14 71).<\/span><\/p>\n<p><a href=\"https:\/\/mchm.ch\/neu\/?attachment_id=7081\" rel=\"attachment wp-att-7081\"><img loading=\"lazy\" decoding=\"async\" class=\"alignnone wp-image-7081 size-large\" src=\"https:\/\/mchm.ch\/neu\/wp-content\/uploads\/2021\/08\/Trudi-1024x680.jpg\" alt=\"\" width=\"620\" height=\"412\" srcset=\"https:\/\/mchm.ch\/neu\/wp-content\/uploads\/2021\/08\/Trudi-1024x680.jpg 1024w, https:\/\/mchm.ch\/neu\/wp-content\/uploads\/2021\/08\/Trudi-300x199.jpg 300w, https:\/\/mchm.ch\/neu\/wp-content\/uploads\/2021\/08\/Trudi-768x510.jpg 768w, https:\/\/mchm.ch\/neu\/wp-content\/uploads\/2021\/08\/Trudi-1536x1020.jpg 1536w, https:\/\/mchm.ch\/neu\/wp-content\/uploads\/2021\/08\/Trudi-2048x1360.jpg 2048w\" sizes=\"auto, (max-width: 620px) 100vw, 620px\" \/><\/a><em><span style=\"color: #000000;\">Unsere Gastgeber Trudi und Kurt St\u00e4heli. Trudis Torten sind legend\u00e4r!<\/span><\/em><\/p>\n","protected":false},"excerpt":{"rendered":"<p>Unser Vorstand: Klaus Wamsler, Dominik Graf, Franz-Karl Hasler, Christof Hess, Hans Zwicky. Mit gut drei Monaten Versp\u00e4tung konnte die Jahresversammlung des M\u00e4nnerchors M\u00e4rstetten doch noch durchgef\u00fchrt werden. Anstatt wie vorgesehen anfangs M\u00e4rz trafen sich 15 aktive S\u00e4nger sowie unser Dirigent &hellip; <a href=\"https:\/\/mchm.ch\/neu\/?p=7060\">Weiterlesen <span class=\"meta-nav\">&rarr;<\/span><\/a><\/p>\n","protected":false},"author":3,"featured_media":0,"comment_status":"open","ping_status":"closed","sticky":false,"template":"","format":"standard","meta":{"ngg_post_thumbnail":0,"footnotes":""},"categories":[1],"tags":[],"class_list":["post-7060","post","type-post","status-publish","format-standard","hentry","category-uncategorized"],"_links":{"self":[{"href":"https:\/\/mchm.ch\/neu\/index.php?rest_route=\/wp\/v2\/posts\/7060","targetHints":{"allow":["GET"]}}],"collection":[{"href":"https:\/\/mchm.ch\/neu\/index.php?rest_route=\/wp\/v2\/posts"}],"about":[{"href":"https:\/\/mchm.ch\/neu\/index.php?rest_route=\/wp\/v2\/types\/post"}],"author":[{"embeddable":true,"href":"https:\/\/mchm.ch\/neu\/index.php?rest_route=\/wp\/v2\/users\/3"}],"replies":[{"embeddable":true,"href":"https:\/\/mchm.ch\/neu\/index.php?rest_route=%2Fwp%2Fv2%2Fcomments&post=7060"}],"version-history":[{"count":19,"href":"https:\/\/mchm.ch\/neu\/index.php?rest_route=\/wp\/v2\/posts\/7060\/revisions"}],"predecessor-version":[{"id":7097,"href":"https:\/\/mchm.ch\/neu\/index.php?rest_route=\/wp\/v2\/posts\/7060\/revisions\/7097"}],"wp:attachment":[{"href":"https:\/\/mchm.ch\/neu\/index.php?rest_route=%2Fwp%2Fv2%2Fmedia&parent=7060"}],"wp:term":[{"taxonomy":"category","embeddable":true,"href":"https:\/\/mchm.ch\/neu\/index.php?rest_route=%2Fwp%2Fv2%2Fcategories&post=7060"},{"taxonomy":"post_tag","embeddable":true,"href":"https:\/\/mchm.ch\/neu\/index.php?rest_route=%2Fwp%2Fv2%2Ftags&post=7060"}],"curies":[{"name":"wp","href":"https:\/\/api.w.org\/{rel}","templated":true}]}}