{"id":7099,"date":"2021-09-22T17:37:10","date_gmt":"2021-09-22T15:37:10","guid":{"rendered":"https:\/\/mchm.ch\/neu\/?p=7099"},"modified":"2021-09-22T17:48:02","modified_gmt":"2021-09-22T15:48:02","slug":"mitwirkung-im-bettags-gottesdienst","status":"publish","type":"post","link":"https:\/\/mchm.ch\/neu\/?p=7099","title":{"rendered":"Mitwirkung im Bettags-Gottesdienst 2021"},"content":{"rendered":"<p><a href=\"https:\/\/mchm.ch\/neu\/?attachment_id=7100\" rel=\"attachment wp-att-7100\"><img loading=\"lazy\" decoding=\"async\" class=\"alignnone wp-image-7100 size-large\" src=\"https:\/\/mchm.ch\/neu\/wp-content\/uploads\/2021\/09\/Saenger_Bettag-1024x694.jpg\" alt=\"\" width=\"620\" height=\"420\" srcset=\"https:\/\/mchm.ch\/neu\/wp-content\/uploads\/2021\/09\/Saenger_Bettag-1024x694.jpg 1024w, https:\/\/mchm.ch\/neu\/wp-content\/uploads\/2021\/09\/Saenger_Bettag-300x203.jpg 300w, https:\/\/mchm.ch\/neu\/wp-content\/uploads\/2021\/09\/Saenger_Bettag-768x521.jpg 768w, https:\/\/mchm.ch\/neu\/wp-content\/uploads\/2021\/09\/Saenger_Bettag.jpg 1077w\" sizes=\"auto, (max-width: 620px) 100vw, 620px\" \/><\/a><span style=\"color: #000080;\">Wie in den vergangenen Jahren hat der M\u00e4nnerchor M\u00e4rstetten auch heuer am Eidgen\u00f6ssischen Dank-, Buss- und Bettag den Gottesdienst mit ein paar Liedern umrahmt. Vier Lieder haben wir gesungen: Zum Beginn die &#8222;Glocken der Heimat&#8220;, nach der Predigt &#8222;Weg mit den Grillen und Sorgen&#8220;, nach dem Abendmahl das ukrainische &#8222;Dobry Vedscher&#8220;.&nbsp; Am Schluss des Gottesdienstes, nach dem Segen, ert\u00f6nte noch das Lied &#8222;Lachende Welt&#8220;. Obwohl wir pandemiebedingt lange nicht zusammen \u00fcben konnten, gelang der Auftritt anscheinend ziemlich gut. Das Publikum applaudierte nach dem Schlusslied ausdauernd und erwartete eigentlich eine Zugabe. Aber unser S\u00e4ngerkamerad Tobias Arni, der Pfarrer der Kirchgemeinde M\u00e4rstetten, stand bereits vor der Kirche, um die Besucher zu verabschieden. So war nur noch ein Ersttenor anwesend, was f\u00fcr uns den Ausschlag gab, auf eine Zugabe zu verzichten.<\/span><\/p>\n","protected":false},"excerpt":{"rendered":"<p>Wie in den vergangenen Jahren hat der M\u00e4nnerchor M\u00e4rstetten auch heuer am Eidgen\u00f6ssischen Dank-, Buss- und Bettag den Gottesdienst mit ein paar Liedern umrahmt. Vier Lieder haben wir gesungen: Zum Beginn die &#8222;Glocken der Heimat&#8220;, nach der Predigt &#8222;Weg mit &hellip; <a href=\"https:\/\/mchm.ch\/neu\/?p=7099\">Weiterlesen <span class=\"meta-nav\">&rarr;<\/span><\/a><\/p>\n","protected":false},"author":3,"featured_media":0,"comment_status":"open","ping_status":"closed","sticky":false,"template":"","format":"standard","meta":{"ngg_post_thumbnail":0,"footnotes":""},"categories":[1],"tags":[],"class_list":["post-7099","post","type-post","status-publish","format-standard","hentry","category-uncategorized"],"_links":{"self":[{"href":"https:\/\/mchm.ch\/neu\/index.php?rest_route=\/wp\/v2\/posts\/7099","targetHints":{"allow":["GET"]}}],"collection":[{"href":"https:\/\/mchm.ch\/neu\/index.php?rest_route=\/wp\/v2\/posts"}],"about":[{"href":"https:\/\/mchm.ch\/neu\/index.php?rest_route=\/wp\/v2\/types\/post"}],"author":[{"embeddable":true,"href":"https:\/\/mchm.ch\/neu\/index.php?rest_route=\/wp\/v2\/users\/3"}],"replies":[{"embeddable":true,"href":"https:\/\/mchm.ch\/neu\/index.php?rest_route=%2Fwp%2Fv2%2Fcomments&post=7099"}],"version-history":[{"count":5,"href":"https:\/\/mchm.ch\/neu\/index.php?rest_route=\/wp\/v2\/posts\/7099\/revisions"}],"predecessor-version":[{"id":7105,"href":"https:\/\/mchm.ch\/neu\/index.php?rest_route=\/wp\/v2\/posts\/7099\/revisions\/7105"}],"wp:attachment":[{"href":"https:\/\/mchm.ch\/neu\/index.php?rest_route=%2Fwp%2Fv2%2Fmedia&parent=7099"}],"wp:term":[{"taxonomy":"category","embeddable":true,"href":"https:\/\/mchm.ch\/neu\/index.php?rest_route=%2Fwp%2Fv2%2Fcategories&post=7099"},{"taxonomy":"post_tag","embeddable":true,"href":"https:\/\/mchm.ch\/neu\/index.php?rest_route=%2Fwp%2Fv2%2Ftags&post=7099"}],"curies":[{"name":"wp","href":"https:\/\/api.w.org\/{rel}","templated":true}]}}