{"id":7169,"date":"2021-11-21T16:50:19","date_gmt":"2021-11-21T15:50:19","guid":{"rendered":"https:\/\/mchm.ch\/neu\/?p=7169"},"modified":"2022-04-06T11:30:31","modified_gmt":"2022-04-06T09:30:31","slug":"50-jahre-vereinstreue","status":"publish","type":"post","link":"https:\/\/mchm.ch\/neu\/?p=7169","title":{"rendered":"50 Jahre Vereinstreue"},"content":{"rendered":"<p><a href=\"https:\/\/mchm.ch\/neu\/?attachment_id=7165\" rel=\"attachment wp-att-7165\">Am Samstag, 6. November 2021 ehrte der Thurgauer Kantonalgesangsverband beziehungsweise der Schweizer Chorverband anl\u00e4sslich einer vom M\u00e4nnerchor W\u00e4ngi organisierten Veranstaltung 75 S\u00e4ngerinnen und S\u00e4nger. Vizekantonalpr\u00e4sident Hanspeter Bamert zeichnete auch unseren S\u00e4nger Anton (Toni) Wieland f\u00fcr 50 Jahre aktive Mitgliedschaft im Verband und in unserem M\u00e4nnerchor aus. Anton wurde als eifriger S\u00e4nger mit sehr gutem Probenfleiss vorgestellt. Als Pr\u00e4sident des M\u00e4nnerchors M\u00e4rstetten kann ich das nur unterstreichen, denn Anton, im zweiten Tenor aktiv, ist auch ein Vorbild, was die Kameradschaft anbelangt. Der Jubilar bekam die Ehrenurkunde, die Ehrennadel und einen Blumenanstecker \u00fcberreicht. Wir vom M\u00e4nnerchor gratulieren Anton zum Jubil\u00e4um und w\u00fcnschen dem lieben S\u00e4ngerkameraden weiterhin viel Spass in unserem Chor,<\/a><\/p>\n<p><a href=\"https:\/\/mchm.ch\/neu\/?attachment_id=7165\" rel=\"attachment wp-att-7165\"><span style=\"color: #000000;\"><em><span style=\"color: #000080;\">Pr\u00e4sident Hans Zwicky<\/span><\/em><\/span><\/a><\/p>\n<div id=\"attachment_7165\" style=\"width: 630px\" class=\"wp-caption alignleft\"><a href=\"https:\/\/mchm.ch\/neu\/?attachment_id=7165\" rel=\"attachment wp-att-7165\"><img loading=\"lazy\" decoding=\"async\" aria-describedby=\"caption-attachment-7165\" class=\"wp-image-7165 size-large\" src=\"https:\/\/mchm.ch\/neu\/wp-content\/uploads\/2021\/11\/Ehrung_mit_Praesi-680x1024.jpg\" alt=\"\" width=\"620\" height=\"934\" srcset=\"https:\/\/mchm.ch\/neu\/wp-content\/uploads\/2021\/11\/Ehrung_mit_Praesi-680x1024.jpg 680w, https:\/\/mchm.ch\/neu\/wp-content\/uploads\/2021\/11\/Ehrung_mit_Praesi-199x300.jpg 199w, https:\/\/mchm.ch\/neu\/wp-content\/uploads\/2021\/11\/Ehrung_mit_Praesi-768x1156.jpg 768w, https:\/\/mchm.ch\/neu\/wp-content\/uploads\/2021\/11\/Ehrung_mit_Praesi-1020x1536.jpg 1020w, https:\/\/mchm.ch\/neu\/wp-content\/uploads\/2021\/11\/Ehrung_mit_Praesi.jpg 1181w\" sizes=\"auto, (max-width: 620px) 100vw, 620px\" \/><\/a><p id=\"caption-attachment-7165\" class=\"wp-caption-text\"><span style=\"color: #000000;\"><em>Anton Wieland mit dem Verbandsf\u00e4hnrich und M\u00e4nnerchor-Pr\u00e4sident Hans Zwicky<\/em><\/span><\/p><\/div>\n<div id=\"attachment_7166\" style=\"width: 630px\" class=\"wp-caption alignright\"><a href=\"https:\/\/mchm.ch\/neu\/?attachment_id=7166\" rel=\"attachment wp-att-7166\"><img loading=\"lazy\" decoding=\"async\" aria-describedby=\"caption-attachment-7166\" class=\"wp-image-7166 size-large\" src=\"https:\/\/mchm.ch\/neu\/wp-content\/uploads\/2021\/11\/Anton_mit_Urkunde-680x1024.jpg\" alt=\"\" width=\"620\" height=\"934\" srcset=\"https:\/\/mchm.ch\/neu\/wp-content\/uploads\/2021\/11\/Anton_mit_Urkunde-680x1024.jpg 680w, https:\/\/mchm.ch\/neu\/wp-content\/uploads\/2021\/11\/Anton_mit_Urkunde-199x300.jpg 199w, https:\/\/mchm.ch\/neu\/wp-content\/uploads\/2021\/11\/Anton_mit_Urkunde-768x1156.jpg 768w, https:\/\/mchm.ch\/neu\/wp-content\/uploads\/2021\/11\/Anton_mit_Urkunde-1020x1536.jpg 1020w, https:\/\/mchm.ch\/neu\/wp-content\/uploads\/2021\/11\/Anton_mit_Urkunde.jpg 1181w\" sizes=\"auto, (max-width: 620px) 100vw, 620px\" \/><\/a><p id=\"caption-attachment-7166\" class=\"wp-caption-text\"><em><span style=\"color: #000000;\">Anton Wieland mit der Ehrenurkunde. Er hat sie sich redlich verdient. <\/p>\n<p><\/span><\/em><\/p><\/div>\n","protected":false},"excerpt":{"rendered":"<p>Am Samstag, 6. November 2021 ehrte der Thurgauer Kantonalgesangsverband beziehungsweise der Schweizer Chorverband anl\u00e4sslich einer vom M\u00e4nnerchor W\u00e4ngi organisierten Veranstaltung 75 S\u00e4ngerinnen und S\u00e4nger. Vizekantonalpr\u00e4sident Hanspeter Bamert zeichnete auch unseren S\u00e4nger Anton (Toni) Wieland f\u00fcr 50 Jahre aktive Mitgliedschaft im &hellip; <a href=\"https:\/\/mchm.ch\/neu\/?p=7169\">Weiterlesen <span class=\"meta-nav\">&rarr;<\/span><\/a><\/p>\n","protected":false},"author":3,"featured_media":0,"comment_status":"open","ping_status":"closed","sticky":false,"template":"","format":"standard","meta":{"ngg_post_thumbnail":0,"footnotes":""},"categories":[1],"tags":[],"class_list":["post-7169","post","type-post","status-publish","format-standard","hentry","category-uncategorized"],"_links":{"self":[{"href":"https:\/\/mchm.ch\/neu\/index.php?rest_route=\/wp\/v2\/posts\/7169","targetHints":{"allow":["GET"]}}],"collection":[{"href":"https:\/\/mchm.ch\/neu\/index.php?rest_route=\/wp\/v2\/posts"}],"about":[{"href":"https:\/\/mchm.ch\/neu\/index.php?rest_route=\/wp\/v2\/types\/post"}],"author":[{"embeddable":true,"href":"https:\/\/mchm.ch\/neu\/index.php?rest_route=\/wp\/v2\/users\/3"}],"replies":[{"embeddable":true,"href":"https:\/\/mchm.ch\/neu\/index.php?rest_route=%2Fwp%2Fv2%2Fcomments&post=7169"}],"version-history":[{"count":12,"href":"https:\/\/mchm.ch\/neu\/index.php?rest_route=\/wp\/v2\/posts\/7169\/revisions"}],"predecessor-version":[{"id":7242,"href":"https:\/\/mchm.ch\/neu\/index.php?rest_route=\/wp\/v2\/posts\/7169\/revisions\/7242"}],"wp:attachment":[{"href":"https:\/\/mchm.ch\/neu\/index.php?rest_route=%2Fwp%2Fv2%2Fmedia&parent=7169"}],"wp:term":[{"taxonomy":"category","embeddable":true,"href":"https:\/\/mchm.ch\/neu\/index.php?rest_route=%2Fwp%2Fv2%2Fcategories&post=7169"},{"taxonomy":"post_tag","embeddable":true,"href":"https:\/\/mchm.ch\/neu\/index.php?rest_route=%2Fwp%2Fv2%2Ftags&post=7169"}],"curies":[{"name":"wp","href":"https:\/\/api.w.org\/{rel}","templated":true}]}}