{"id":7274,"date":"2022-05-11T17:09:50","date_gmt":"2022-05-11T15:09:50","guid":{"rendered":"https:\/\/mchm.ch\/neu\/?p=7274"},"modified":"2022-05-11T19:15:12","modified_gmt":"2022-05-11T17:15:12","slug":"auch-das-feiern-gehoert-dazu","status":"publish","type":"post","link":"https:\/\/mchm.ch\/neu\/?p=7274","title":{"rendered":"Auch das Feiern geh\u00f6rt dazu"},"content":{"rendered":"<div id=\"attachment_7288\" style=\"width: 213px\" class=\"wp-caption alignleft\"><a href=\"https:\/\/mchm.ch\/neu\/?attachment_id=7288\" rel=\"attachment wp-att-7288\"><img loading=\"lazy\" decoding=\"async\" aria-describedby=\"caption-attachment-7288\" class=\"wp-image-7288 size-medium\" src=\"https:\/\/mchm.ch\/neu\/wp-content\/uploads\/2022\/05\/Praesent-e1652289199890-203x300.jpg\" alt=\"\" width=\"203\" height=\"300\" srcset=\"https:\/\/mchm.ch\/neu\/wp-content\/uploads\/2022\/05\/Praesent-e1652289199890-203x300.jpg 203w, https:\/\/mchm.ch\/neu\/wp-content\/uploads\/2022\/05\/Praesent-e1652289199890-691x1024.jpg 691w, https:\/\/mchm.ch\/neu\/wp-content\/uploads\/2022\/05\/Praesent-e1652289199890-768x1137.jpg 768w, https:\/\/mchm.ch\/neu\/wp-content\/uploads\/2022\/05\/Praesent-e1652289199890-1037x1536.jpg 1037w, https:\/\/mchm.ch\/neu\/wp-content\/uploads\/2022\/05\/Praesent-e1652289199890.jpg 1258w\" sizes=\"auto, (max-width: 203px) 100vw, 203px\" \/><\/a><p id=\"caption-attachment-7288\" class=\"wp-caption-text\">Ein kleines Geschenk gab es auch . . .<\/p><\/div>\n<p><span style=\"color: #000080;\">Am Samstag, 7. Mai 2022 hatte unser S\u00e4nger Klaus Wamsler zur Feier seines 50. Geburtstags eingeladen.<br \/>\n<\/span><span style=\"color: #000080;\">Ab 17.30 Uhr trafen sich die meisten unserer Chormitglieder bei der Fuchsb\u00fcelh\u00fctte in M\u00e4rstetten. Klaus und seine Familie hatten vorher alles eingerichtet. Das Grillfeuer brannte schon, die Tische waren gedeckt, Getr\u00e4nke, Salate und Grillgut waren bereit. So stand dem gem\u00fctlichen Feiern nichts mehr im Wege. Nach dem wir ein paar Lieder gesungen hatten, wurde erst einmal ausgiebig gegessen und getrunken. Klaus und seine Frau Esther hatten sich alle M\u00fche gegeben. Die Steaks und die Salate waren erstklassig. Nach dem Essen sangen wir nochmals und genossen den Abend noch bis zum Eindunkeln.<\/span><\/p>\n<p><span style=\"color: #000080;\">Klaus, wir danken Dir und Deiner Familie f\u00fcr diesen sch\u00f6nen Abend.<\/span><\/p>\n","protected":false},"excerpt":{"rendered":"<p>Am Samstag, 7. Mai 2022 hatte unser S\u00e4nger Klaus Wamsler zur Feier seines 50. Geburtstags eingeladen. Ab 17.30 Uhr trafen sich die meisten unserer Chormitglieder bei der Fuchsb\u00fcelh\u00fctte in M\u00e4rstetten. Klaus und seine Familie hatten vorher alles eingerichtet. Das Grillfeuer &hellip; <a href=\"https:\/\/mchm.ch\/neu\/?p=7274\">Weiterlesen <span class=\"meta-nav\">&rarr;<\/span><\/a><\/p>\n","protected":false},"author":3,"featured_media":0,"comment_status":"open","ping_status":"closed","sticky":false,"template":"","format":"standard","meta":{"ngg_post_thumbnail":0,"footnotes":""},"categories":[1],"tags":[],"class_list":["post-7274","post","type-post","status-publish","format-standard","hentry","category-uncategorized"],"_links":{"self":[{"href":"https:\/\/mchm.ch\/neu\/index.php?rest_route=\/wp\/v2\/posts\/7274","targetHints":{"allow":["GET"]}}],"collection":[{"href":"https:\/\/mchm.ch\/neu\/index.php?rest_route=\/wp\/v2\/posts"}],"about":[{"href":"https:\/\/mchm.ch\/neu\/index.php?rest_route=\/wp\/v2\/types\/post"}],"author":[{"embeddable":true,"href":"https:\/\/mchm.ch\/neu\/index.php?rest_route=\/wp\/v2\/users\/3"}],"replies":[{"embeddable":true,"href":"https:\/\/mchm.ch\/neu\/index.php?rest_route=%2Fwp%2Fv2%2Fcomments&post=7274"}],"version-history":[{"count":13,"href":"https:\/\/mchm.ch\/neu\/index.php?rest_route=\/wp\/v2\/posts\/7274\/revisions"}],"predecessor-version":[{"id":7291,"href":"https:\/\/mchm.ch\/neu\/index.php?rest_route=\/wp\/v2\/posts\/7274\/revisions\/7291"}],"wp:attachment":[{"href":"https:\/\/mchm.ch\/neu\/index.php?rest_route=%2Fwp%2Fv2%2Fmedia&parent=7274"}],"wp:term":[{"taxonomy":"category","embeddable":true,"href":"https:\/\/mchm.ch\/neu\/index.php?rest_route=%2Fwp%2Fv2%2Fcategories&post=7274"},{"taxonomy":"post_tag","embeddable":true,"href":"https:\/\/mchm.ch\/neu\/index.php?rest_route=%2Fwp%2Fv2%2Ftags&post=7274"}],"curies":[{"name":"wp","href":"https:\/\/api.w.org\/{rel}","templated":true}]}}