{"id":7293,"date":"2022-06-03T15:43:14","date_gmt":"2022-06-03T13:43:14","guid":{"rendered":"https:\/\/mchm.ch\/neu\/?p=7293"},"modified":"2022-06-03T17:03:32","modified_gmt":"2022-06-03T15:03:32","slug":"161-jahresversammlung-des-maennerchors-maerstetten","status":"publish","type":"post","link":"https:\/\/mchm.ch\/neu\/?p=7293","title":{"rendered":"161. GV des M\u00e4nnerchors M\u00e4rstetten"},"content":{"rendered":"<div id=\"attachment_7297\" style=\"width: 630px\" class=\"wp-caption alignnone\"><a href=\"https:\/\/mchm.ch\/neu\/?attachment_id=7297\" rel=\"attachment wp-att-7297\"><img loading=\"lazy\" decoding=\"async\" aria-describedby=\"caption-attachment-7297\" class=\"wp-image-7297 size-large\" src=\"https:\/\/mchm.ch\/neu\/wp-content\/uploads\/2022\/06\/Mitglieder-1024x514.jpg\" alt=\"\" width=\"620\" height=\"311\" srcset=\"https:\/\/mchm.ch\/neu\/wp-content\/uploads\/2022\/06\/Mitglieder-1024x514.jpg 1024w, https:\/\/mchm.ch\/neu\/wp-content\/uploads\/2022\/06\/Mitglieder-300x150.jpg 300w, https:\/\/mchm.ch\/neu\/wp-content\/uploads\/2022\/06\/Mitglieder-768x385.jpg 768w, https:\/\/mchm.ch\/neu\/wp-content\/uploads\/2022\/06\/Mitglieder-1536x770.jpg 1536w, https:\/\/mchm.ch\/neu\/wp-content\/uploads\/2022\/06\/Mitglieder.jpg 1896w\" sizes=\"auto, (max-width: 620px) 100vw, 620px\" \/><\/a><p id=\"caption-attachment-7297\" class=\"wp-caption-text\"><span style=\"color: #000080;\">Eine fr\u00f6hliche, bunt gemischte Schar!<\/span><\/p><\/div>\n<p class=\"western\" align=\"justify\"><span style=\"color: #000080;\">Am 21. April dieses Jahres, um 19.30 Uhr, waren die Mitglieder unseres Chors zur 161. Jahresversammlung im Rest. R\u00f6ssli M\u00e4rstetten eingeladen. Und sie kamen vollz\u00e4hlig! Die Ehrenmitglieder Ernst Aus der Au, Kurt Deutsch, Franz Meier Sen., J\u00fcrg Wartmann, unser Passivmitglied Beat Wyler sowie alle aktiven S\u00e4nger. Martin Boltshauser von der politischen Gemeinde war als Gast anwesend.<\/span><\/p>\n<p class=\"western\" align=\"justify\"><span style=\"color: #000080;\">Nach der Begr\u00fcssung durch unseren Pr\u00e4sidenten Hans Zwicky sangen wir das \u00abBierlied\u00bb, bevor das Essen aufgetragen wurde. Unsere Gastgeber, Frenchy und Doris Fischer, gaben wie immer ihr Bestes, uns zu verw\u00f6hnen.<\/span><\/p>\n<p class=\"western\" align=\"justify\"><span style=\"color: #000080;\">Nach dem ausgezeichneten Essen wurde noch das Lied \u00abHarmonie\u00bb gesungen, bevor der offizielle Teil der Versammlung begann. Z\u00fcgig wurden die Traktanden abgearbeitet; Jahresbericht und Jahresrechnung wurden einstimmig genehmigt. Die Wahlen verliefen unspektakul\u00e4r; Pr\u00e4sident Hans Zwicky erhielt einen tosenden Applaus. Auch alle anderen Vorstandsmitglieder und Amtsinhaber wurden einstimmig best\u00e4tigt.<\/span><\/p>\n<p class=\"western\" align=\"justify\"><span style=\"color: #000080;\">Nach einem kurzen Unterbruch und dem Lied \u00abFreundschaft\u00bb ging es weiter mit den Mutationen. Kurt Deutsch gab altershalber seinen Austritt bekannt. F\u00fcr seine langj\u00e4hrige Treue (52 Jahre) wurde ihm ein Essensgutschein \u00fcberreicht. Mit Micha Bacher haben wir einen neuen, jungen S\u00e4nger gefunden.<\/span><\/p>\n<p class=\"western\" align=\"justify\"><span style=\"color: #000080;\">Drei S\u00e4nger wurden f\u00fcr fleissigen Probenbesuch (Null Absenzen) geehrt: Ernst Anderegg, Micha Bacher und Kurt St\u00e4heli. Sie erhielten jeweils ein Pr\u00e4sent.<\/span><\/p>\n<p class=\"western\" align=\"justify\"><span style=\"color: #000080;\">2021 waren drei \u00abrunde\u00bb Geburtstage zu feiern: Kurt St\u00e4heli (50 Jahre), Pascal B\u00fcrgi (20 Jahre), Hans Zwicky (60 Jahre).<\/span><\/p>\n<p class=\"western\" align=\"justify\"><span style=\"color: #000080;\">Kurt St\u00e4heli ist seit 25 Jahren Mitglied im Verein und wurde somit zum Ehrenmitglied ernannt. Wir gratulieren herzlich!<\/span><\/p>\n<p class=\"western\" align=\"justify\"><span style=\"color: #000080;\">Die \u00fcbrigen Gesch\u00e4fte (Jahresprogramm, Verschiedenes und Umfrage) wurden z\u00fcgig abgehandelt und somit konnte unser Pr\u00e4sident die Versammlung um 21.50 Uhr schliessen.<\/span><\/p>\n<p align=\"justify\"><span style=\"color: #000080;\">Wenn Du gerne singst und die Kameradschaft liebst, so schau doch mal bei uns rein. Wir proben jeweils am Donnerstagabend um 20.15 Uhr im Kirchgemeindehaus, und wir freuen uns \u00fcber jeden neuen S\u00e4nger.<\/span><\/p>\n","protected":false},"excerpt":{"rendered":"<p>Am 21. April dieses Jahres, um 19.30 Uhr, waren die Mitglieder unseres Chors zur 161. Jahresversammlung im Rest. R\u00f6ssli M\u00e4rstetten eingeladen. Und sie kamen vollz\u00e4hlig! Die Ehrenmitglieder Ernst Aus der Au, Kurt Deutsch, Franz Meier Sen., J\u00fcrg Wartmann, unser Passivmitglied &hellip; <a href=\"https:\/\/mchm.ch\/neu\/?p=7293\">Weiterlesen <span class=\"meta-nav\">&rarr;<\/span><\/a><\/p>\n","protected":false},"author":3,"featured_media":0,"comment_status":"open","ping_status":"closed","sticky":false,"template":"","format":"standard","meta":{"ngg_post_thumbnail":0,"footnotes":""},"categories":[1],"tags":[],"class_list":["post-7293","post","type-post","status-publish","format-standard","hentry","category-uncategorized"],"_links":{"self":[{"href":"https:\/\/mchm.ch\/neu\/index.php?rest_route=\/wp\/v2\/posts\/7293","targetHints":{"allow":["GET"]}}],"collection":[{"href":"https:\/\/mchm.ch\/neu\/index.php?rest_route=\/wp\/v2\/posts"}],"about":[{"href":"https:\/\/mchm.ch\/neu\/index.php?rest_route=\/wp\/v2\/types\/post"}],"author":[{"embeddable":true,"href":"https:\/\/mchm.ch\/neu\/index.php?rest_route=\/wp\/v2\/users\/3"}],"replies":[{"embeddable":true,"href":"https:\/\/mchm.ch\/neu\/index.php?rest_route=%2Fwp%2Fv2%2Fcomments&post=7293"}],"version-history":[{"count":9,"href":"https:\/\/mchm.ch\/neu\/index.php?rest_route=\/wp\/v2\/posts\/7293\/revisions"}],"predecessor-version":[{"id":7303,"href":"https:\/\/mchm.ch\/neu\/index.php?rest_route=\/wp\/v2\/posts\/7293\/revisions\/7303"}],"wp:attachment":[{"href":"https:\/\/mchm.ch\/neu\/index.php?rest_route=%2Fwp%2Fv2%2Fmedia&parent=7293"}],"wp:term":[{"taxonomy":"category","embeddable":true,"href":"https:\/\/mchm.ch\/neu\/index.php?rest_route=%2Fwp%2Fv2%2Fcategories&post=7293"},{"taxonomy":"post_tag","embeddable":true,"href":"https:\/\/mchm.ch\/neu\/index.php?rest_route=%2Fwp%2Fv2%2Ftags&post=7293"}],"curies":[{"name":"wp","href":"https:\/\/api.w.org\/{rel}","templated":true}]}}