{"id":7310,"date":"2022-07-23T11:20:41","date_gmt":"2022-07-23T09:20:41","guid":{"rendered":"https:\/\/mchm.ch\/neu\/?p=7310"},"modified":"2022-07-29T11:19:18","modified_gmt":"2022-07-29T09:19:18","slug":"der-maennerchor-auf-reisen","status":"publish","type":"post","link":"https:\/\/mchm.ch\/neu\/?p=7310","title":{"rendered":"Der M\u00e4nnerchor auf Reisen"},"content":{"rendered":"<p><a href=\"https:\/\/mchm.ch\/neu\/?attachment_id=8260\" rel=\"attachment wp-att-8260\"><img loading=\"lazy\" decoding=\"async\" class=\"wp-image-8260 size-large alignright\" src=\"https:\/\/mchm.ch\/neu\/wp-content\/uploads\/2022\/07\/Kombination-1024x614.jpg\" alt=\"\" width=\"620\" height=\"372\" srcset=\"https:\/\/mchm.ch\/neu\/wp-content\/uploads\/2022\/07\/Kombination-1024x614.jpg 1024w, https:\/\/mchm.ch\/neu\/wp-content\/uploads\/2022\/07\/Kombination-300x180.jpg 300w, https:\/\/mchm.ch\/neu\/wp-content\/uploads\/2022\/07\/Kombination-768x461.jpg 768w, https:\/\/mchm.ch\/neu\/wp-content\/uploads\/2022\/07\/Kombination.jpg 1442w\" sizes=\"auto, (max-width: 620px) 100vw, 620px\" \/><\/a><\/p>\n<p align=\"justify\">&nbsp;<\/p>\n<p class=\"western\" align=\"justify\"><span style=\"color: #000080;\"><span style=\"font-size: medium;\">Nach langer Durststrecke sehnten sich gar viele M\u00e4nnerch\u00f6rler, endlich wieder einmal an einer ordentlichen M\u00e4nnerchorreise teilnehmen zu d\u00fcrfen!<br \/>\n<\/span><span style=\"font-size: medium;\">So war es dann am Samstag, 02.07.22, kurz nach Sonnenaufgang soweit, dass sich die Truppe um 5:30 Uhr von M\u00e4rstetten in den S\u00fcden in Bewegung setzte. Genauer gesagt setzten sich die Reisenden in den bew\u00e4hrten Apfelcar und dieser fuhr zun\u00e4chst Richtung Osten.<br \/>\n<\/span><span style=\"font-size: medium;\">Die Reiseleitung oblag bei dieser Reise einmal mehr unserem Pr\u00e4sidenten Hans Zwicky, welcher uns nach den Begr\u00fcssungsworten noch auf die Reise einstimmte. Gleich vorweg, perfektes Timing und interessante Highlights zauberte Hans bei seiner Reiseroute aus dem \u00c4rmel. Aber der Reihe nach.<br \/>\n<\/span><span style=\"font-size: medium;\">In Weinfelden komplettierten wir die Reisegesellschaft und von nun an konnte uns nichts mehr aufhalten! Bei sch\u00f6nstem Wetter und angenehmen Temperaturen ging es endlich los, \u00fcbers wundersch\u00f6ne Rheintal, hoch \u00fcber den San Bernardino und hinab in die Sonnenstube der Schweiz!<br \/>\n<\/span><span style=\"font-size: medium;\">Wurden wir vor Ascona noch gewarnt, hiess es diesmal jedoch: Schau schau, KEIN STAU! Zur Freude aller, rollte unser Express ins Maggia Delta. Hier stand eine Besichtigung von einem Landwirtschaftsbetrieb auf dem Programm. Nebst Trauben wird Mais (f\u00fcr Polenta in jeglichen Farben) und Reis (n\u00f6rdlichstes Reisanbaugebiet) f\u00fcr verschiedene Produkte angebaut und weiterveredelt. Hier wurden wir ordentlich verk\u00f6stigt!<br \/>\n<\/span><span style=\"font-size: medium;\">Nachmittags gings durchs Maggiatal ins naturbelassene Val Bavona. Einzigartige Natur, sch\u00f6nste Wasserf\u00e4lle abseits jeglicher Touristenherden liessen uns ordentlich entspannen und Kraft tanken. Ein gem\u00fctliches Grotto durfte da nat\u00fcrlich nicht fehlen!<br \/>\n<\/span><span style=\"font-size: medium;\">Unsere feudale Unterkunft Esplanade in Locarno wirkt herrschaftlich und freundlich. Alle sind zufrieden, als wir nach \u00fcppigem Tessiner Znacht den Abend ausklingen lassen.<br \/>\n<\/span><span style=\"font-size: medium;\">Am kommenden Sonntagmorgen wartet nach reichhaltigem Fr\u00fchst\u00fcck der Apfelcar, um uns zum Schiffsanlegeplatz San Nazzaro zu bringen. Die sch\u00f6ne und lustige Schifffahrt zur Brissago Insel stimmte uns auf die dortige Flora und Fauna ein. Ein Augenschmaus nicht nur f\u00fcr Naturliebhaber!<br \/>\n<\/span><span style=\"font-size: medium;\">Vor dem Mittagessen in Ascona im Grotto Baldoria durften wir und ein weitere M\u00e4nnerchor aus Liestal noch unsere Stimmb\u00e4nder dehnen. Welch sch\u00f6ner Klang!<br \/>\n<\/span><span style=\"font-size: medium;\">Gut gest\u00e4rkt machten wir uns \u00fcber die alte San Bernardino Passroute auf die Heimreise. Bei unserem Ehrenmitglied J\u00fcrg Wartmann in Buchs SG machten wir noch einen gesanglichen und kulinarischen Abstecher.<br \/>\n<\/span><span style=\"font-size: medium;\">Froh und zufrieden kamen wir p\u00fcnktlich in M\u00e4rstetten an! Vielen Dank dem ausserordentlichen Reiseleiter Hans und nat\u00fcrlich auch dem Busfahrer vom Apfelcar!<br \/>\n<\/span><\/span><\/p>\n<p class=\"western\" align=\"justify\"><span style=\"color: #000080;\"><span style=\"font-size: medium;\">Berichterstatter: Klaus Wamsler, Bass 2<\/span><\/span><\/p>\n","protected":false},"excerpt":{"rendered":"<p>&nbsp; Nach langer Durststrecke sehnten sich gar viele M\u00e4nnerch\u00f6rler, endlich wieder einmal an einer ordentlichen M\u00e4nnerchorreise teilnehmen zu d\u00fcrfen! So war es dann am Samstag, 02.07.22, kurz nach Sonnenaufgang soweit, dass sich die Truppe um 5:30 Uhr von M\u00e4rstetten in &hellip; <a href=\"https:\/\/mchm.ch\/neu\/?p=7310\">Weiterlesen <span class=\"meta-nav\">&rarr;<\/span><\/a><\/p>\n","protected":false},"author":3,"featured_media":0,"comment_status":"open","ping_status":"closed","sticky":false,"template":"","format":"standard","meta":{"ngg_post_thumbnail":0,"footnotes":""},"categories":[1],"tags":[],"class_list":["post-7310","post","type-post","status-publish","format-standard","hentry","category-uncategorized"],"_links":{"self":[{"href":"https:\/\/mchm.ch\/neu\/index.php?rest_route=\/wp\/v2\/posts\/7310","targetHints":{"allow":["GET"]}}],"collection":[{"href":"https:\/\/mchm.ch\/neu\/index.php?rest_route=\/wp\/v2\/posts"}],"about":[{"href":"https:\/\/mchm.ch\/neu\/index.php?rest_route=\/wp\/v2\/types\/post"}],"author":[{"embeddable":true,"href":"https:\/\/mchm.ch\/neu\/index.php?rest_route=\/wp\/v2\/users\/3"}],"replies":[{"embeddable":true,"href":"https:\/\/mchm.ch\/neu\/index.php?rest_route=%2Fwp%2Fv2%2Fcomments&post=7310"}],"version-history":[{"count":30,"href":"https:\/\/mchm.ch\/neu\/index.php?rest_route=\/wp\/v2\/posts\/7310\/revisions"}],"predecessor-version":[{"id":8269,"href":"https:\/\/mchm.ch\/neu\/index.php?rest_route=\/wp\/v2\/posts\/7310\/revisions\/8269"}],"wp:attachment":[{"href":"https:\/\/mchm.ch\/neu\/index.php?rest_route=%2Fwp%2Fv2%2Fmedia&parent=7310"}],"wp:term":[{"taxonomy":"category","embeddable":true,"href":"https:\/\/mchm.ch\/neu\/index.php?rest_route=%2Fwp%2Fv2%2Fcategories&post=7310"},{"taxonomy":"post_tag","embeddable":true,"href":"https:\/\/mchm.ch\/neu\/index.php?rest_route=%2Fwp%2Fv2%2Ftags&post=7310"}],"curies":[{"name":"wp","href":"https:\/\/api.w.org\/{rel}","templated":true}]}}