{"id":8227,"date":"2022-07-24T14:55:33","date_gmt":"2022-07-24T12:55:33","guid":{"rendered":"https:\/\/mchm.ch\/neu\/?p=8227"},"modified":"2022-07-24T15:35:48","modified_gmt":"2022-07-24T13:35:48","slug":"60-jahre-muessen-gefeiert-werden","status":"publish","type":"post","link":"https:\/\/mchm.ch\/neu\/?p=8227","title":{"rendered":"60 Jahre m\u00fcssen gefeiert werden"},"content":{"rendered":"<div id=\"attachment_8233\" style=\"width: 209px\" class=\"wp-caption alignleft\"><a href=\"https:\/\/mchm.ch\/neu\/?attachment_id=8233\" rel=\"attachment wp-att-8233\"><img loading=\"lazy\" decoding=\"async\" aria-describedby=\"caption-attachment-8233\" class=\"wp-image-8233 size-medium\" src=\"https:\/\/mchm.ch\/neu\/wp-content\/uploads\/2022\/07\/Franz-Karl_01-199x300.jpg\" alt=\"\" width=\"199\" height=\"300\" srcset=\"https:\/\/mchm.ch\/neu\/wp-content\/uploads\/2022\/07\/Franz-Karl_01-199x300.jpg 199w, https:\/\/mchm.ch\/neu\/wp-content\/uploads\/2022\/07\/Franz-Karl_01.jpg 283w\" sizes=\"auto, (max-width: 199px) 100vw, 199px\" \/><\/a><p id=\"caption-attachment-8233\" class=\"wp-caption-text\"><span style=\"color: #000080;\">Wie sie alle strahlen!<\/span><\/p><\/div>\n<p class=\"western\" align=\"justify\"><span style=\"color: #000080;\">Die Erinnerungen an die Chorreise ins Tessin waren noch frisch, als schon wieder ein Fest anstand. Unser S\u00e4ngerkamerad Franz-Karl hatte uns eingeladen zur nachtr\u00e4glichen Feier seines 60. Geburtstags. So trafen wir uns am Abend des 7. Juni in seinem Domizil in Weinfelden. Es war herrliches Wetter, wir konnten alle auf dem grossen Balkon essen und die Gem\u00fctlichkeit pflegen. Theres hatte Spaghetti gekocht, Franz-Karls Neffe war eifrig im Einsatz als Kellner; wir konnten gar nicht so schnell trinken, wie er Nachschub brachte. Ein paar Lieder wurden auch gesungen, zuerst nat\u00fcrl<\/span><span style=\"color: #000080;\">ich das eigens f\u00fcr Franz-Karl umgetextete Lied nach der Melodie des \u00abBajazzo\u00bb. Die Stimmung war ausgezeichnet und so brauchte es \u00dcberwindung, sich dankend zu verabschieden.<br \/>\n<\/span><span style=\"color: #000080;\">Theres und Franz-Karl, ihr habt uns wirklich verw\u00f6hnt. Vielen Dank f\u00fcr diesen sch\u00f6nen Abend.<\/span><\/p>\n","protected":false},"excerpt":{"rendered":"<p>Die Erinnerungen an die Chorreise ins Tessin waren noch frisch, als schon wieder ein Fest anstand. Unser S\u00e4ngerkamerad Franz-Karl hatte uns eingeladen zur nachtr\u00e4glichen Feier seines 60. Geburtstags. So trafen wir uns am Abend des 7. Juni in seinem Domizil &hellip; <a href=\"https:\/\/mchm.ch\/neu\/?p=8227\">Weiterlesen <span class=\"meta-nav\">&rarr;<\/span><\/a><\/p>\n","protected":false},"author":3,"featured_media":0,"comment_status":"open","ping_status":"closed","sticky":false,"template":"","format":"standard","meta":{"ngg_post_thumbnail":0,"footnotes":""},"categories":[1],"tags":[],"class_list":["post-8227","post","type-post","status-publish","format-standard","hentry","category-uncategorized"],"_links":{"self":[{"href":"https:\/\/mchm.ch\/neu\/index.php?rest_route=\/wp\/v2\/posts\/8227","targetHints":{"allow":["GET"]}}],"collection":[{"href":"https:\/\/mchm.ch\/neu\/index.php?rest_route=\/wp\/v2\/posts"}],"about":[{"href":"https:\/\/mchm.ch\/neu\/index.php?rest_route=\/wp\/v2\/types\/post"}],"author":[{"embeddable":true,"href":"https:\/\/mchm.ch\/neu\/index.php?rest_route=\/wp\/v2\/users\/3"}],"replies":[{"embeddable":true,"href":"https:\/\/mchm.ch\/neu\/index.php?rest_route=%2Fwp%2Fv2%2Fcomments&post=8227"}],"version-history":[{"count":14,"href":"https:\/\/mchm.ch\/neu\/index.php?rest_route=\/wp\/v2\/posts\/8227\/revisions"}],"predecessor-version":[{"id":8231,"href":"https:\/\/mchm.ch\/neu\/index.php?rest_route=\/wp\/v2\/posts\/8227\/revisions\/8231"}],"wp:attachment":[{"href":"https:\/\/mchm.ch\/neu\/index.php?rest_route=%2Fwp%2Fv2%2Fmedia&parent=8227"}],"wp:term":[{"taxonomy":"category","embeddable":true,"href":"https:\/\/mchm.ch\/neu\/index.php?rest_route=%2Fwp%2Fv2%2Fcategories&post=8227"},{"taxonomy":"post_tag","embeddable":true,"href":"https:\/\/mchm.ch\/neu\/index.php?rest_route=%2Fwp%2Fv2%2Ftags&post=8227"}],"curies":[{"name":"wp","href":"https:\/\/api.w.org\/{rel}","templated":true}]}}