{"id":8246,"date":"2022-07-24T16:04:34","date_gmt":"2022-07-24T14:04:34","guid":{"rendered":"https:\/\/mchm.ch\/neu\/?p=8246"},"modified":"2022-07-24T17:06:13","modified_gmt":"2022-07-24T15:06:13","slug":"auch-schnapszahlen-werden-gefeiert","status":"publish","type":"post","link":"https:\/\/mchm.ch\/neu\/?p=8246","title":{"rendered":"Auch Schnapszahlen werden gefeiert"},"content":{"rendered":"<div id=\"attachment_8258\" style=\"width: 630px\" class=\"wp-caption alignnone\"><a href=\"https:\/\/mchm.ch\/neu\/?attachment_id=8258\" rel=\"attachment wp-att-8258\"><img loading=\"lazy\" decoding=\"async\" aria-describedby=\"caption-attachment-8258\" class=\"wp-image-8258 size-large\" src=\"https:\/\/mchm.ch\/neu\/wp-content\/uploads\/2022\/07\/Kombi-1024x325.jpg\" alt=\"\" width=\"620\" height=\"197\" srcset=\"https:\/\/mchm.ch\/neu\/wp-content\/uploads\/2022\/07\/Kombi-1024x325.jpg 1024w, https:\/\/mchm.ch\/neu\/wp-content\/uploads\/2022\/07\/Kombi-300x95.jpg 300w, https:\/\/mchm.ch\/neu\/wp-content\/uploads\/2022\/07\/Kombi-768x244.jpg 768w, https:\/\/mchm.ch\/neu\/wp-content\/uploads\/2022\/07\/Kombi.jpg 1179w\" sizes=\"auto, (max-width: 620px) 100vw, 620px\" \/><\/a><p id=\"caption-attachment-8258\" class=\"wp-caption-text\"><span style=\"color: #000080;\">Da lacht doch das Herz im Leibe . . .<\/span><\/p><\/div>\n<p class=\"western\" align=\"justify\"><span style=\"color: #000080;\">Am 21. Juli feierte unser Vereinskollege Christof Hess seinen 55. Geburtstag. Seine Frau Charlotte hatte heimlich den Chor sowie einige gute Freunde von Christof dazu eingeladen. So trafen denn die meisten um ca. 18 Uhr beim Sonnenberg ein. Ein paar S\u00e4nger waren in den Ferien, einer im Milit\u00e4r, der Vizedirigent musste arbeiten.<\/span><br \/>\n<span style=\"color: #000080;\">Christofs Schwester Regina hatte das meiste f\u00fcr den Anlass vorbereitet. Hans (Hausi) H\u00e4sler stand am Grill parat, im ehemaligen Milchhof konnten Salate gesch\u00f6pft und Getr\u00e4nke geholt werden. So wurde nach der Begr\u00fcssung erst mal das leibliche Wohl gepflegt, bevor wir uns zum Singen aufstellten. Wir sangen nur zwei Lieder, n\u00e4mlich \u00abChristof, sei lustig\u00bb, ein textlich ver\u00e4ndertes \u00abLustig, ihr Br\u00fcder\u00bb und \u00abMala Moja\u00bb. Die gesangliche Qualit\u00e4t hielt sich in Grenzen, fehlten doch die Ersttenor-Stimmen. Einzig Walter Brechb\u00fchl, sonst im zweiten Bass zu h\u00f6ren, sang die erste Tenorstimme. Bravo Walter, Du bist doch immer f\u00fcr eine \u00dcberraschung gut! Ein ebenso grosses Lob geb\u00fchrt an dieser Stelle unserem Mits\u00e4nger Micha Bacher, der als Dirigent einsprang und diese Aufgabe mit Bravour meisterte.<\/span><br \/>\n<span style=\"color: #000080;\">Nach diesem Kurzauftritt widmeten wir uns wieder der Geselligkeit und erfreuten uns an den feinen Torten und Kuchen, welche Regina gebacken hatte. Alles in allem war es ein wirklich gelungener Anlass. Danke, Regina und Christof; Ihr habt wirklich alles gegeben, uns zu verw\u00f6hnen.<\/span><\/p>\n","protected":false},"excerpt":{"rendered":"<p>Am 21. Juli feierte unser Vereinskollege Christof Hess seinen 55. Geburtstag. Seine Frau Charlotte hatte heimlich den Chor sowie einige gute Freunde von Christof dazu eingeladen. So trafen denn die meisten um ca. 18 Uhr beim Sonnenberg ein. Ein paar &hellip; <a href=\"https:\/\/mchm.ch\/neu\/?p=8246\">Weiterlesen <span class=\"meta-nav\">&rarr;<\/span><\/a><\/p>\n","protected":false},"author":3,"featured_media":0,"comment_status":"open","ping_status":"closed","sticky":false,"template":"","format":"standard","meta":{"ngg_post_thumbnail":0,"footnotes":""},"categories":[1],"tags":[],"class_list":["post-8246","post","type-post","status-publish","format-standard","hentry","category-uncategorized"],"_links":{"self":[{"href":"https:\/\/mchm.ch\/neu\/index.php?rest_route=\/wp\/v2\/posts\/8246","targetHints":{"allow":["GET"]}}],"collection":[{"href":"https:\/\/mchm.ch\/neu\/index.php?rest_route=\/wp\/v2\/posts"}],"about":[{"href":"https:\/\/mchm.ch\/neu\/index.php?rest_route=\/wp\/v2\/types\/post"}],"author":[{"embeddable":true,"href":"https:\/\/mchm.ch\/neu\/index.php?rest_route=\/wp\/v2\/users\/3"}],"replies":[{"embeddable":true,"href":"https:\/\/mchm.ch\/neu\/index.php?rest_route=%2Fwp%2Fv2%2Fcomments&post=8246"}],"version-history":[{"count":8,"href":"https:\/\/mchm.ch\/neu\/index.php?rest_route=\/wp\/v2\/posts\/8246\/revisions"}],"predecessor-version":[{"id":8259,"href":"https:\/\/mchm.ch\/neu\/index.php?rest_route=\/wp\/v2\/posts\/8246\/revisions\/8259"}],"wp:attachment":[{"href":"https:\/\/mchm.ch\/neu\/index.php?rest_route=%2Fwp%2Fv2%2Fmedia&parent=8246"}],"wp:term":[{"taxonomy":"category","embeddable":true,"href":"https:\/\/mchm.ch\/neu\/index.php?rest_route=%2Fwp%2Fv2%2Fcategories&post=8246"},{"taxonomy":"post_tag","embeddable":true,"href":"https:\/\/mchm.ch\/neu\/index.php?rest_route=%2Fwp%2Fv2%2Ftags&post=8246"}],"curies":[{"name":"wp","href":"https:\/\/api.w.org\/{rel}","templated":true}]}}