{"id":8271,"date":"2022-08-04T16:55:47","date_gmt":"2022-08-04T14:55:47","guid":{"rendered":"https:\/\/mchm.ch\/neu\/?p=8271"},"modified":"2022-08-05T17:47:32","modified_gmt":"2022-08-05T15:47:32","slug":"1-augustfeier-in-maerstetten","status":"publish","type":"post","link":"https:\/\/mchm.ch\/neu\/?p=8271","title":{"rendered":"1. Augustfeier in M\u00e4rstetten"},"content":{"rendered":"<p class=\"western\" align=\"justify\"><span style=\"color: #000080;\"><a href=\"https:\/\/mchm.ch\/neu\/?attachment_id=8272\" rel=\"attachment wp-att-8272\"><img loading=\"lazy\" decoding=\"async\" class=\"alignnone wp-image-8272 size-large\" src=\"https:\/\/mchm.ch\/neu\/wp-content\/uploads\/2022\/08\/Kombi_August-1024x583.jpg\" alt=\"\" width=\"620\" height=\"353\" srcset=\"https:\/\/mchm.ch\/neu\/wp-content\/uploads\/2022\/08\/Kombi_August-1024x583.jpg 1024w, https:\/\/mchm.ch\/neu\/wp-content\/uploads\/2022\/08\/Kombi_August-300x171.jpg 300w, https:\/\/mchm.ch\/neu\/wp-content\/uploads\/2022\/08\/Kombi_August-768x437.jpg 768w, https:\/\/mchm.ch\/neu\/wp-content\/uploads\/2022\/08\/Kombi_August.jpg 1126w\" sizes=\"auto, (max-width: 620px) 100vw, 620px\" \/><\/a>Die diesj\u00e4hrige Bundesfeier fand in Boltshausen, in der Obstplantage des Hofguts Buechi statt. Turnusgem\u00e4ss oblag die Durchf\u00fchrung dem M\u00e4nnerchor M\u00e4rstetten mit Unterst\u00fctzung durch die Musikgesellschaft M\u00e4rstetten.<br \/>\n<\/span><span style=\"color: #000080;\">Ab 10.30 Uhr kamen die ersten Festbesucher, um 11 Uhr wurden die ersten W\u00fcrste ausgeteilt und Getr\u00e4nke serviert. Das Wetter war herrlich, unter den B\u00e4umen liess es sich gut verweilen und gem\u00fctlich plaudern. Das leibliche Wohl kam nicht zu kurz; es gab alkoholische und alkoholfreie Getr\u00e4nke, Bratw\u00fcrste und Cervelats vom Grill sowie Kaffee und eine grosse Auswahl an Torten und Kuchen. Die mithelfenden Musikanten und Musikantinnen hatten in der spielfreien Zeit sehr viel zu tun. Ein herzlicher Dank sei ihnen hiermit ausgesprochen.<br \/>\n<\/span><span style=\"color: #000080;\">Bis vor der Ansprache, die um 13.30 Uhr begann, wurde auch noch fleissig musiziert. Festredner Oliver Martin, Kantonsrat und Marktfahrer, sprach gut 15 Minuten lang, ohne viel zu sagen. So war denn auch der Schlussapplaus leicht verhalten.<br \/>\n<\/span><span style=\"color: #000080;\">Nachdem wir unter Mitwirkung der Musikgesellschaft noch die Schweizerhymne und das Thurgauerlied gesungen hatten, blieb noch Zeit zum gem\u00fctlichen Ausklang.<br \/>\n<\/span><span style=\"color: #000080;\">Es war ein sch\u00f6nes Fest. Dank geb\u00fchrt der Musikgesellschaft M\u00e4rstetten f\u00fcr Mithilfe und musikalische Untermalung und der Familie B\u00fcchi f\u00fcr die Zuverf\u00fcgungstellung der Festwiese inklusive Infrastruktur.<\/span><\/p>\n<p class=\"western\" align=\"justify\"><span style=\"color: #000080;\">Bericht: Bernd Graf, M\u00e4nnerchor M\u00e4rstetten<\/span><\/p>\n","protected":false},"excerpt":{"rendered":"<p>Die diesj\u00e4hrige Bundesfeier fand in Boltshausen, in der Obstplantage des Hofguts Buechi statt. Turnusgem\u00e4ss oblag die Durchf\u00fchrung dem M\u00e4nnerchor M\u00e4rstetten mit Unterst\u00fctzung durch die Musikgesellschaft M\u00e4rstetten. Ab 10.30 Uhr kamen die ersten Festbesucher, um 11 Uhr wurden die ersten W\u00fcrste &hellip; <a href=\"https:\/\/mchm.ch\/neu\/?p=8271\">Weiterlesen <span class=\"meta-nav\">&rarr;<\/span><\/a><\/p>\n","protected":false},"author":3,"featured_media":0,"comment_status":"open","ping_status":"closed","sticky":false,"template":"","format":"standard","meta":{"ngg_post_thumbnail":0,"footnotes":""},"categories":[1],"tags":[],"class_list":["post-8271","post","type-post","status-publish","format-standard","hentry","category-uncategorized"],"_links":{"self":[{"href":"https:\/\/mchm.ch\/neu\/index.php?rest_route=\/wp\/v2\/posts\/8271","targetHints":{"allow":["GET"]}}],"collection":[{"href":"https:\/\/mchm.ch\/neu\/index.php?rest_route=\/wp\/v2\/posts"}],"about":[{"href":"https:\/\/mchm.ch\/neu\/index.php?rest_route=\/wp\/v2\/types\/post"}],"author":[{"embeddable":true,"href":"https:\/\/mchm.ch\/neu\/index.php?rest_route=\/wp\/v2\/users\/3"}],"replies":[{"embeddable":true,"href":"https:\/\/mchm.ch\/neu\/index.php?rest_route=%2Fwp%2Fv2%2Fcomments&post=8271"}],"version-history":[{"count":12,"href":"https:\/\/mchm.ch\/neu\/index.php?rest_route=\/wp\/v2\/posts\/8271\/revisions"}],"predecessor-version":[{"id":8284,"href":"https:\/\/mchm.ch\/neu\/index.php?rest_route=\/wp\/v2\/posts\/8271\/revisions\/8284"}],"wp:attachment":[{"href":"https:\/\/mchm.ch\/neu\/index.php?rest_route=%2Fwp%2Fv2%2Fmedia&parent=8271"}],"wp:term":[{"taxonomy":"category","embeddable":true,"href":"https:\/\/mchm.ch\/neu\/index.php?rest_route=%2Fwp%2Fv2%2Fcategories&post=8271"},{"taxonomy":"post_tag","embeddable":true,"href":"https:\/\/mchm.ch\/neu\/index.php?rest_route=%2Fwp%2Fv2%2Ftags&post=8271"}],"curies":[{"name":"wp","href":"https:\/\/api.w.org\/{rel}","templated":true}]}}