{"id":8364,"date":"2023-09-04T16:01:22","date_gmt":"2023-09-04T14:01:22","guid":{"rendered":"https:\/\/mchm.ch\/neu\/?p=8364"},"modified":"2023-09-04T16:04:04","modified_gmt":"2023-09-04T14:04:04","slug":"muehlifaescht-in-der-grubmuehle","status":"publish","type":"post","link":"https:\/\/mchm.ch\/neu\/?p=8364","title":{"rendered":"M\u00fchlif\u00e4scht in der Grubm\u00fchle"},"content":{"rendered":"<p align=\"justify\"><span style=\"color: #000080;\">Am 30 April fand auf dem Hof des Landwirtschaftlichen Betriebes Grubm\u00fchle in M\u00e4rstetten ein spezielles Fest statt. J\u00fcrg Wartmann, ein langj\u00e4hriges Mitglied des M\u00e4nnerchors, hatte eine mittels Wasserrad betriebene Hanfreibe nachgebaut. Nach rund zweij\u00e4hriger Bauzeit wurde die Anlage nun offiziell vorgestellt und in Betrieb genommen. Wie bei solchen Anl\u00e4ssen \u00fcblich, wurde daraus ein Fest f\u00fcr Gross und Klein gemacht. Nach dem Ap\u00e9ro erkl\u00e4rte J\u00fcrg die Arbeitsweise des Ger\u00e4tes sowie den geschichtlichen Hintergrund dazu. Der M\u00e4nnerchor sang mehrere Lieder, darunter eines, welches J\u00fcrg seinerzeit selbst umgedichtet hatte, den \u00abKemmenbach\u00bb. Bei ausgezeichnetetem Wetter konnten die Anwesenden das Fest in vollen Z\u00fcgen geniessen.<\/span><\/p>\n<p><a href=\"https:\/\/mchm.ch\/neu\/?attachment_id=8365\" rel=\"attachment wp-att-8365\"><img loading=\"lazy\" decoding=\"async\" class=\"alignleft wp-image-8365 size-large\" src=\"https:\/\/mchm.ch\/neu\/wp-content\/uploads\/2023\/09\/Kombi_Muehli-1024x762.jpg\" alt=\"\" width=\"620\" height=\"461\" srcset=\"https:\/\/mchm.ch\/neu\/wp-content\/uploads\/2023\/09\/Kombi_Muehli-1024x762.jpg 1024w, https:\/\/mchm.ch\/neu\/wp-content\/uploads\/2023\/09\/Kombi_Muehli-300x223.jpg 300w, https:\/\/mchm.ch\/neu\/wp-content\/uploads\/2023\/09\/Kombi_Muehli-768x571.jpg 768w, https:\/\/mchm.ch\/neu\/wp-content\/uploads\/2023\/09\/Kombi_Muehli.jpg 1476w\" sizes=\"auto, (max-width: 620px) 100vw, 620px\" \/><\/a><\/p>\n","protected":false},"excerpt":{"rendered":"<p>Am 30 April fand auf dem Hof des Landwirtschaftlichen Betriebes Grubm\u00fchle in M\u00e4rstetten ein spezielles Fest statt. J\u00fcrg Wartmann, ein langj\u00e4hriges Mitglied des M\u00e4nnerchors, hatte eine mittels Wasserrad betriebene Hanfreibe nachgebaut. Nach rund zweij\u00e4hriger Bauzeit wurde die Anlage nun offiziell &hellip; <a href=\"https:\/\/mchm.ch\/neu\/?p=8364\">Weiterlesen <span class=\"meta-nav\">&rarr;<\/span><\/a><\/p>\n","protected":false},"author":3,"featured_media":0,"comment_status":"open","ping_status":"closed","sticky":false,"template":"","format":"standard","meta":{"ngg_post_thumbnail":0,"footnotes":""},"categories":[1],"tags":[],"class_list":["post-8364","post","type-post","status-publish","format-standard","hentry","category-uncategorized"],"_links":{"self":[{"href":"https:\/\/mchm.ch\/neu\/index.php?rest_route=\/wp\/v2\/posts\/8364","targetHints":{"allow":["GET"]}}],"collection":[{"href":"https:\/\/mchm.ch\/neu\/index.php?rest_route=\/wp\/v2\/posts"}],"about":[{"href":"https:\/\/mchm.ch\/neu\/index.php?rest_route=\/wp\/v2\/types\/post"}],"author":[{"embeddable":true,"href":"https:\/\/mchm.ch\/neu\/index.php?rest_route=\/wp\/v2\/users\/3"}],"replies":[{"embeddable":true,"href":"https:\/\/mchm.ch\/neu\/index.php?rest_route=%2Fwp%2Fv2%2Fcomments&post=8364"}],"version-history":[{"count":3,"href":"https:\/\/mchm.ch\/neu\/index.php?rest_route=\/wp\/v2\/posts\/8364\/revisions"}],"predecessor-version":[{"id":8368,"href":"https:\/\/mchm.ch\/neu\/index.php?rest_route=\/wp\/v2\/posts\/8364\/revisions\/8368"}],"wp:attachment":[{"href":"https:\/\/mchm.ch\/neu\/index.php?rest_route=%2Fwp%2Fv2%2Fmedia&parent=8364"}],"wp:term":[{"taxonomy":"category","embeddable":true,"href":"https:\/\/mchm.ch\/neu\/index.php?rest_route=%2Fwp%2Fv2%2Fcategories&post=8364"},{"taxonomy":"post_tag","embeddable":true,"href":"https:\/\/mchm.ch\/neu\/index.php?rest_route=%2Fwp%2Fv2%2Ftags&post=8364"}],"curies":[{"name":"wp","href":"https:\/\/api.w.org\/{rel}","templated":true}]}}