{"id":8375,"date":"2023-09-04T16:15:46","date_gmt":"2023-09-04T14:15:46","guid":{"rendered":"https:\/\/mchm.ch\/neu\/?p=8375"},"modified":"2023-09-04T16:18:30","modified_gmt":"2023-09-04T14:18:30","slug":"unser-aeltestes-mitglied","status":"publish","type":"post","link":"https:\/\/mchm.ch\/neu\/?p=8375","title":{"rendered":"Unser \u00e4ltestes Mitglied"},"content":{"rendered":"<p class=\"western\" align=\"justify\"><span style=\"color: #000080;\">Am 15. Juni dieses Jahres feierte unser S\u00e4ngerkollege Bruno Lenherr (eingesessenen M\u00e4rstettern als Stumpen-Bruno bekannt) seinen 80. Geburtstag im Kreise seiner guten Freunde und mit dem M\u00e4nnerchor M\u00e4rstetten.<br \/>\n<\/span><span style=\"color: #000080;\">Man traf sich ab 18 Uhr beim Waldschulhaus in Weinfelden. Brunos Freunde und seine Frau Claire hatten einen reichhaltigen Ap\u00e9ro vorbereitet, und so konnten wir uns bei sch\u00f6nstem Wetter erst mal entspannen, bis das vorbereitete Feuer zum Grillieren genutzt wurde. Zum Fleisch gab es wunderbar angerichtete Salate, und auch der Durst konnte mit verschiedenen Getr\u00e4nken gel\u00f6scht werden.<br \/>\n<\/span><span style=\"color: #000080;\">Nach dem Essen sang der Chor mehrere Lieder, wobei eines speziell f\u00fcr den Jubilar neu vertextet war. Bis die Dunkelheit einbrach, verbrachten wir einen sehr gem\u00fctlichen Abend.<\/span><\/p>\n<p><a href=\"https:\/\/mchm.ch\/neu\/?attachment_id=8370\" rel=\"attachment wp-att-8370\"><img loading=\"lazy\" decoding=\"async\" class=\"size-large wp-image-8370\" src=\"https:\/\/mchm.ch\/neu\/wp-content\/uploads\/2023\/09\/Kombi_Bruno-1024x718.jpg\" alt=\"\" width=\"620\" height=\"435\" srcset=\"https:\/\/mchm.ch\/neu\/wp-content\/uploads\/2023\/09\/Kombi_Bruno-1024x718.jpg 1024w, https:\/\/mchm.ch\/neu\/wp-content\/uploads\/2023\/09\/Kombi_Bruno-300x210.jpg 300w, https:\/\/mchm.ch\/neu\/wp-content\/uploads\/2023\/09\/Kombi_Bruno-768x538.jpg 768w, https:\/\/mchm.ch\/neu\/wp-content\/uploads\/2023\/09\/Kombi_Bruno.jpg 1395w\" sizes=\"auto, (max-width: 620px) 100vw, 620px\" \/><\/a><\/p>\n","protected":false},"excerpt":{"rendered":"<p>Am 15. Juni dieses Jahres feierte unser S\u00e4ngerkollege Bruno Lenherr (eingesessenen M\u00e4rstettern als Stumpen-Bruno bekannt) seinen 80. Geburtstag im Kreise seiner guten Freunde und mit dem M\u00e4nnerchor M\u00e4rstetten. Man traf sich ab 18 Uhr beim Waldschulhaus in Weinfelden. Brunos Freunde &hellip; <a href=\"https:\/\/mchm.ch\/neu\/?p=8375\">Weiterlesen <span class=\"meta-nav\">&rarr;<\/span><\/a><\/p>\n","protected":false},"author":3,"featured_media":0,"comment_status":"open","ping_status":"closed","sticky":false,"template":"","format":"standard","meta":{"ngg_post_thumbnail":0,"footnotes":""},"categories":[1],"tags":[],"class_list":["post-8375","post","type-post","status-publish","format-standard","hentry","category-uncategorized"],"_links":{"self":[{"href":"https:\/\/mchm.ch\/neu\/index.php?rest_route=\/wp\/v2\/posts\/8375","targetHints":{"allow":["GET"]}}],"collection":[{"href":"https:\/\/mchm.ch\/neu\/index.php?rest_route=\/wp\/v2\/posts"}],"about":[{"href":"https:\/\/mchm.ch\/neu\/index.php?rest_route=\/wp\/v2\/types\/post"}],"author":[{"embeddable":true,"href":"https:\/\/mchm.ch\/neu\/index.php?rest_route=\/wp\/v2\/users\/3"}],"replies":[{"embeddable":true,"href":"https:\/\/mchm.ch\/neu\/index.php?rest_route=%2Fwp%2Fv2%2Fcomments&post=8375"}],"version-history":[{"count":3,"href":"https:\/\/mchm.ch\/neu\/index.php?rest_route=\/wp\/v2\/posts\/8375\/revisions"}],"predecessor-version":[{"id":8378,"href":"https:\/\/mchm.ch\/neu\/index.php?rest_route=\/wp\/v2\/posts\/8375\/revisions\/8378"}],"wp:attachment":[{"href":"https:\/\/mchm.ch\/neu\/index.php?rest_route=%2Fwp%2Fv2%2Fmedia&parent=8375"}],"wp:term":[{"taxonomy":"category","embeddable":true,"href":"https:\/\/mchm.ch\/neu\/index.php?rest_route=%2Fwp%2Fv2%2Fcategories&post=8375"},{"taxonomy":"post_tag","embeddable":true,"href":"https:\/\/mchm.ch\/neu\/index.php?rest_route=%2Fwp%2Fv2%2Ftags&post=8375"}],"curies":[{"name":"wp","href":"https:\/\/api.w.org\/{rel}","templated":true}]}}