{"id":8380,"date":"2023-09-04T17:11:23","date_gmt":"2023-09-04T15:11:23","guid":{"rendered":"https:\/\/mchm.ch\/neu\/?p=8380"},"modified":"2023-09-04T17:11:23","modified_gmt":"2023-09-04T15:11:23","slug":"grilltag-zum-gedenken-an-simon-schwarz","status":"publish","type":"post","link":"https:\/\/mchm.ch\/neu\/?p=8380","title":{"rendered":"Grilltag zum Gedenken an Simon Schwarz"},"content":{"rendered":"<p class=\"western\" align=\"justify\"><span style=\"color: #000080;\">Jeweils am ersten Samstag im Juli treffen sich die Chormitglieder am Waldrand, an der Gedenkst\u00e4tte f\u00fcr unseren verstorbenen Pr\u00e4sidenten Simon Schwarz. Dort erinnern wir uns an die Zeit mit ihm, pflegen aber auch die Geselligkeit, so, wie er es uns immer vorgemacht hat. Das heisst, wir verbringen den Nachmittag mit Speis und Trank, gem\u00fctlichem Gespr\u00e4ch und nat\u00fcrlich auch mit dem Gesang mehrerer Lieder. <\/span><br \/>\n<span style=\"color: #000080;\">Dieses Jahr mussten wir einen anderen Standort w\u00e4hlen. Das Wetter war regnerisch, dazu war die Waldbrandgefahr sehr hoch. So trafen wir uns auf dem Hof unseres S\u00e4ngerkameraden Kurt St\u00e4heli. Dort konnten wir gefahrlos grillieren, unter Dach zusammensitzen zum plaudern, essen und trinken. Nebst dem mitgebrachten Fleisch und Brot gab es auch noch feine, von Trudi St\u00e4heli gebackene Kuchen. Besonders Trudis Ananastorte ist mittlerweile legend\u00e4r! <\/span><br \/>\n<span style=\"color: #000080;\">Wir danken Kurt und seiner Mutter aufs Herzlichste f\u00fcr die Gastfreundschaft.<\/span><\/p>\n<p class=\"western\" align=\"justify\"><span style=\"color: #000080;\"><a href=\"https:\/\/mchm.ch\/neu\/?attachment_id=8381\" rel=\"attachment wp-att-8381\"><img loading=\"lazy\" decoding=\"async\" class=\"alignnone size-large wp-image-8381\" src=\"https:\/\/mchm.ch\/neu\/wp-content\/uploads\/2023\/09\/Kombi_Grillabend-806x1024.jpg\" alt=\"\" width=\"620\" height=\"788\" srcset=\"https:\/\/mchm.ch\/neu\/wp-content\/uploads\/2023\/09\/Kombi_Grillabend-806x1024.jpg 806w, https:\/\/mchm.ch\/neu\/wp-content\/uploads\/2023\/09\/Kombi_Grillabend-236x300.jpg 236w, https:\/\/mchm.ch\/neu\/wp-content\/uploads\/2023\/09\/Kombi_Grillabend-768x976.jpg 768w, https:\/\/mchm.ch\/neu\/wp-content\/uploads\/2023\/09\/Kombi_Grillabend-1209x1536.jpg 1209w, https:\/\/mchm.ch\/neu\/wp-content\/uploads\/2023\/09\/Kombi_Grillabend.jpg 1310w\" sizes=\"auto, (max-width: 620px) 100vw, 620px\" \/><\/a><\/span><\/p>\n","protected":false},"excerpt":{"rendered":"<p>Jeweils am ersten Samstag im Juli treffen sich die Chormitglieder am Waldrand, an der Gedenkst\u00e4tte f\u00fcr unseren verstorbenen Pr\u00e4sidenten Simon Schwarz. Dort erinnern wir uns an die Zeit mit ihm, pflegen aber auch die Geselligkeit, so, wie er es uns &hellip; <a href=\"https:\/\/mchm.ch\/neu\/?p=8380\">Weiterlesen <span class=\"meta-nav\">&rarr;<\/span><\/a><\/p>\n","protected":false},"author":3,"featured_media":0,"comment_status":"open","ping_status":"closed","sticky":false,"template":"","format":"standard","meta":{"ngg_post_thumbnail":0,"footnotes":""},"categories":[1],"tags":[],"class_list":["post-8380","post","type-post","status-publish","format-standard","hentry","category-uncategorized"],"_links":{"self":[{"href":"https:\/\/mchm.ch\/neu\/index.php?rest_route=\/wp\/v2\/posts\/8380","targetHints":{"allow":["GET"]}}],"collection":[{"href":"https:\/\/mchm.ch\/neu\/index.php?rest_route=\/wp\/v2\/posts"}],"about":[{"href":"https:\/\/mchm.ch\/neu\/index.php?rest_route=\/wp\/v2\/types\/post"}],"author":[{"embeddable":true,"href":"https:\/\/mchm.ch\/neu\/index.php?rest_route=\/wp\/v2\/users\/3"}],"replies":[{"embeddable":true,"href":"https:\/\/mchm.ch\/neu\/index.php?rest_route=%2Fwp%2Fv2%2Fcomments&post=8380"}],"version-history":[{"count":1,"href":"https:\/\/mchm.ch\/neu\/index.php?rest_route=\/wp\/v2\/posts\/8380\/revisions"}],"predecessor-version":[{"id":8382,"href":"https:\/\/mchm.ch\/neu\/index.php?rest_route=\/wp\/v2\/posts\/8380\/revisions\/8382"}],"wp:attachment":[{"href":"https:\/\/mchm.ch\/neu\/index.php?rest_route=%2Fwp%2Fv2%2Fmedia&parent=8380"}],"wp:term":[{"taxonomy":"category","embeddable":true,"href":"https:\/\/mchm.ch\/neu\/index.php?rest_route=%2Fwp%2Fv2%2Fcategories&post=8380"},{"taxonomy":"post_tag","embeddable":true,"href":"https:\/\/mchm.ch\/neu\/index.php?rest_route=%2Fwp%2Fv2%2Ftags&post=8380"}],"curies":[{"name":"wp","href":"https:\/\/api.w.org\/{rel}","templated":true}]}}