{"id":8383,"date":"2023-09-04T20:13:23","date_gmt":"2023-09-04T18:13:23","guid":{"rendered":"https:\/\/mchm.ch\/neu\/?p=8383"},"modified":"2023-09-04T20:19:42","modified_gmt":"2023-09-04T18:19:42","slug":"wenn-ein-saenger-heiratet","status":"publish","type":"post","link":"https:\/\/mchm.ch\/neu\/?p=8383","title":{"rendered":"Wenn ein S\u00e4nger heiratet"},"content":{"rendered":"<p class=\"western\" align=\"justify\"><span style=\"color: #000080;\"><a href=\"https:\/\/mchm.ch\/neu\/?attachment_id=8386\" rel=\"attachment wp-att-8386\"><img loading=\"lazy\" decoding=\"async\" class=\"alignnone size-large wp-image-8386\" src=\"https:\/\/mchm.ch\/neu\/wp-content\/uploads\/2023\/09\/DSC_0019-1024x680.jpg\" alt=\"\" width=\"620\" height=\"412\" srcset=\"https:\/\/mchm.ch\/neu\/wp-content\/uploads\/2023\/09\/DSC_0019-1024x680.jpg 1024w, https:\/\/mchm.ch\/neu\/wp-content\/uploads\/2023\/09\/DSC_0019-300x199.jpg 300w, https:\/\/mchm.ch\/neu\/wp-content\/uploads\/2023\/09\/DSC_0019-768x510.jpg 768w, https:\/\/mchm.ch\/neu\/wp-content\/uploads\/2023\/09\/DSC_0019-1536x1020.jpg 1536w, https:\/\/mchm.ch\/neu\/wp-content\/uploads\/2023\/09\/DSC_0019-2048x1360.jpg 2048w\" sizes=\"auto, (max-width: 620px) 100vw, 620px\" \/><\/a>Am 26. August hat unser S\u00e4ngerkamerad Tobias Arni seine Braut Ruth Pfister in der M\u00e4rstetter Kirche geheiratet. Da Tobias selbst der Pfarrer von M\u00e4rstetten ist, hat sein Pfarrkollege HaRu Vetsch von Frauenfeld die Trauung vollzogen. Wir vom M\u00e4nnerchor waren eingeladen, mit der Bitte, zwei Lieder zu singen. Daraus sind dann drei Lieder geworden, n\u00e4mlich \u00abDobry Vedschir\u00bb (ein ukrainisches Lied), \u00abI cant help\u00bb von Elvis Presley und das \u00abLied f\u00fcr Ruth und Tobias\u00bb, der mit neuem Text versehene \u00abS\u00e4ngerspruch\u00bb. Beachtenswert dabei ist, dass Tobias als Br\u00e4utigam bei den ersten beiden Liedern selbst im ersten Tenor mitsang.<br \/>\n<\/span><span style=\"color: #000080;\">Die Zeremonie war wirklich sch\u00f6n. Die Kirchenmusiker Markus Schmid als Organist und Junior Mamani Ramos als Posaunist umrahmten das Ganze sehr stimmungsvoll. Besonders das kurz angespielte Lied \u00abHalleluja\u00bb von Leonard Cohen l\u00f6ste ein Fr\u00f6steln den R\u00fccken hinab aus.<br \/>\n<\/span><span style=\"color: #000080;\"><a href=\"https:\/\/mchm.ch\/neu\/?attachment_id=8390\" rel=\"attachment wp-att-8390\"><img loading=\"lazy\" decoding=\"async\" class=\"alignnone size-large wp-image-8390\" src=\"https:\/\/mchm.ch\/neu\/wp-content\/uploads\/2023\/09\/DSC_0009-1024x680.jpg\" alt=\"\" width=\"620\" height=\"412\" srcset=\"https:\/\/mchm.ch\/neu\/wp-content\/uploads\/2023\/09\/DSC_0009-1024x680.jpg 1024w, https:\/\/mchm.ch\/neu\/wp-content\/uploads\/2023\/09\/DSC_0009-300x199.jpg 300w, https:\/\/mchm.ch\/neu\/wp-content\/uploads\/2023\/09\/DSC_0009-768x510.jpg 768w, https:\/\/mchm.ch\/neu\/wp-content\/uploads\/2023\/09\/DSC_0009-1536x1020.jpg 1536w, https:\/\/mchm.ch\/neu\/wp-content\/uploads\/2023\/09\/DSC_0009-2048x1360.jpg 2048w\" sizes=\"auto, (max-width: 620px) 100vw, 620px\" \/><\/a>Bleibt uns nur, Ruth und Tobias nochmals zu gratulieren und Gl\u00fcck und Segen f\u00fcr die gemeinsame Zukunft zu w\u00fcnschen.<\/span><\/p>\n","protected":false},"excerpt":{"rendered":"<p>Am 26. August hat unser S\u00e4ngerkamerad Tobias Arni seine Braut Ruth Pfister in der M\u00e4rstetter Kirche geheiratet. Da Tobias selbst der Pfarrer von M\u00e4rstetten ist, hat sein Pfarrkollege HaRu Vetsch von Frauenfeld die Trauung vollzogen. Wir vom M\u00e4nnerchor waren eingeladen, &hellip; <a href=\"https:\/\/mchm.ch\/neu\/?p=8383\">Weiterlesen <span class=\"meta-nav\">&rarr;<\/span><\/a><\/p>\n","protected":false},"author":3,"featured_media":0,"comment_status":"open","ping_status":"closed","sticky":false,"template":"","format":"standard","meta":{"ngg_post_thumbnail":0,"footnotes":""},"categories":[1],"tags":[],"class_list":["post-8383","post","type-post","status-publish","format-standard","hentry","category-uncategorized"],"_links":{"self":[{"href":"https:\/\/mchm.ch\/neu\/index.php?rest_route=\/wp\/v2\/posts\/8383","targetHints":{"allow":["GET"]}}],"collection":[{"href":"https:\/\/mchm.ch\/neu\/index.php?rest_route=\/wp\/v2\/posts"}],"about":[{"href":"https:\/\/mchm.ch\/neu\/index.php?rest_route=\/wp\/v2\/types\/post"}],"author":[{"embeddable":true,"href":"https:\/\/mchm.ch\/neu\/index.php?rest_route=\/wp\/v2\/users\/3"}],"replies":[{"embeddable":true,"href":"https:\/\/mchm.ch\/neu\/index.php?rest_route=%2Fwp%2Fv2%2Fcomments&post=8383"}],"version-history":[{"count":5,"href":"https:\/\/mchm.ch\/neu\/index.php?rest_route=\/wp\/v2\/posts\/8383\/revisions"}],"predecessor-version":[{"id":8391,"href":"https:\/\/mchm.ch\/neu\/index.php?rest_route=\/wp\/v2\/posts\/8383\/revisions\/8391"}],"wp:attachment":[{"href":"https:\/\/mchm.ch\/neu\/index.php?rest_route=%2Fwp%2Fv2%2Fmedia&parent=8383"}],"wp:term":[{"taxonomy":"category","embeddable":true,"href":"https:\/\/mchm.ch\/neu\/index.php?rest_route=%2Fwp%2Fv2%2Fcategories&post=8383"},{"taxonomy":"post_tag","embeddable":true,"href":"https:\/\/mchm.ch\/neu\/index.php?rest_route=%2Fwp%2Fv2%2Ftags&post=8383"}],"curies":[{"name":"wp","href":"https:\/\/api.w.org\/{rel}","templated":true}]}}