{"id":8408,"date":"2023-11-18T15:25:00","date_gmt":"2023-11-18T14:25:00","guid":{"rendered":"https:\/\/mchm.ch\/neu\/?p=8408"},"modified":"2023-11-19T15:59:03","modified_gmt":"2023-11-19T14:59:03","slug":"ein-dorf-zwei-choere","status":"publish","type":"post","link":"https:\/\/mchm.ch\/neu\/?p=8408","title":{"rendered":"Ein Dorf, zwei Ch\u00f6re &#8211; Gesang verbindet"},"content":{"rendered":"<h2><span style=\"color: #000080;\">Ein gemeinsamer Liederabend mit dem M\u00e4nnerchor M\u00e4rstetten und dem<\/span><br \/>\n<span style=\"color: #000080;\">Frauen- und M\u00e4nnerchor Ottoberg<\/span><\/h2>\n<p class=\"western\" align=\"justify\"><span style=\"color: #000080;\">\u00abWir sind ein Dorf und haben zwei Ch\u00f6re. Warum machen wir nicht einmal ein gemeinsames Konzert?\u00bb. Mit dieser Frage gelangte der M\u00e4nnerchor M\u00e4rstetten an den Frauen- und M\u00e4nnerchor Ottoberg. Eine Idee, die auf beiden Seiten sofort Anklang fand und sogleich in die Tat umgesetzt wurde. Es waren in beiden Vereinen viele Proben n\u00f6tig. Jeweils vier Lieder pro Verein und vier gemeinsame Lieder mussten einstudiert werden. Am 28. Oktober fand das Konzert in der Weitsichthalle M\u00e4rstetten statt.<br \/>\n<\/span><span style=\"color: #000080;\">Wir sangen vor rund 200 G\u00e4sten. Das Liedgut umfasste verschiedenste Stilrichtungen, von Elvis Presley bis Queen wurden verschiedenste Interpreten ber\u00fccksichtigt. Dem Publikum schien es zu gefallen, vor allem beim Lied \u00abSkandal um Rosie\u00bb ging die Post ab; die Stimmung im Saal stieg merklich an.<br \/>\n<\/span><span style=\"color: #000080;\">Nach dem musikalischen Teil blieben die meisten Besucher noch l\u00e4nger bei Getr\u00e4nken, Kuchen und Kaffee sitzen und n\u00fctzten die Gelegenheit zum Plaudern.<\/span><\/p>\n<p><a href=\"https:\/\/mchm.ch\/neu\/?attachment_id=8409\" rel=\"attachment wp-att-8409\"><img loading=\"lazy\" decoding=\"async\" class=\"alignnone size-large wp-image-8409\" src=\"https:\/\/mchm.ch\/neu\/wp-content\/uploads\/2023\/11\/Abendunterh_2023-1024x447.jpg\" alt=\"\" width=\"620\" height=\"271\" srcset=\"https:\/\/mchm.ch\/neu\/wp-content\/uploads\/2023\/11\/Abendunterh_2023-1024x447.jpg 1024w, https:\/\/mchm.ch\/neu\/wp-content\/uploads\/2023\/11\/Abendunterh_2023-300x131.jpg 300w, https:\/\/mchm.ch\/neu\/wp-content\/uploads\/2023\/11\/Abendunterh_2023-768x335.jpg 768w, https:\/\/mchm.ch\/neu\/wp-content\/uploads\/2023\/11\/Abendunterh_2023-1536x670.jpg 1536w, https:\/\/mchm.ch\/neu\/wp-content\/uploads\/2023\/11\/Abendunterh_2023.jpg 1818w\" sizes=\"auto, (max-width: 620px) 100vw, 620px\" \/><\/a><\/p>\n","protected":false},"excerpt":{"rendered":"<p>Ein gemeinsamer Liederabend mit dem M\u00e4nnerchor M\u00e4rstetten und dem Frauen- und M\u00e4nnerchor Ottoberg \u00abWir sind ein Dorf und haben zwei Ch\u00f6re. Warum machen wir nicht einmal ein gemeinsames Konzert?\u00bb. Mit dieser Frage gelangte der M\u00e4nnerchor M\u00e4rstetten an den Frauen- und &hellip; <a href=\"https:\/\/mchm.ch\/neu\/?p=8408\">Weiterlesen <span class=\"meta-nav\">&rarr;<\/span><\/a><\/p>\n","protected":false},"author":3,"featured_media":0,"comment_status":"open","ping_status":"closed","sticky":false,"template":"","format":"standard","meta":{"ngg_post_thumbnail":0,"footnotes":""},"categories":[1],"tags":[],"class_list":["post-8408","post","type-post","status-publish","format-standard","hentry","category-uncategorized"],"_links":{"self":[{"href":"https:\/\/mchm.ch\/neu\/index.php?rest_route=\/wp\/v2\/posts\/8408","targetHints":{"allow":["GET"]}}],"collection":[{"href":"https:\/\/mchm.ch\/neu\/index.php?rest_route=\/wp\/v2\/posts"}],"about":[{"href":"https:\/\/mchm.ch\/neu\/index.php?rest_route=\/wp\/v2\/types\/post"}],"author":[{"embeddable":true,"href":"https:\/\/mchm.ch\/neu\/index.php?rest_route=\/wp\/v2\/users\/3"}],"replies":[{"embeddable":true,"href":"https:\/\/mchm.ch\/neu\/index.php?rest_route=%2Fwp%2Fv2%2Fcomments&post=8408"}],"version-history":[{"count":16,"href":"https:\/\/mchm.ch\/neu\/index.php?rest_route=\/wp\/v2\/posts\/8408\/revisions"}],"predecessor-version":[{"id":8430,"href":"https:\/\/mchm.ch\/neu\/index.php?rest_route=\/wp\/v2\/posts\/8408\/revisions\/8430"}],"wp:attachment":[{"href":"https:\/\/mchm.ch\/neu\/index.php?rest_route=%2Fwp%2Fv2%2Fmedia&parent=8408"}],"wp:term":[{"taxonomy":"category","embeddable":true,"href":"https:\/\/mchm.ch\/neu\/index.php?rest_route=%2Fwp%2Fv2%2Fcategories&post=8408"},{"taxonomy":"post_tag","embeddable":true,"href":"https:\/\/mchm.ch\/neu\/index.php?rest_route=%2Fwp%2Fv2%2Ftags&post=8408"}],"curies":[{"name":"wp","href":"https:\/\/api.w.org\/{rel}","templated":true}]}}