{"id":8422,"date":"2023-11-19T11:12:54","date_gmt":"2023-11-19T10:12:54","guid":{"rendered":"https:\/\/mchm.ch\/neu\/?p=8422"},"modified":"2023-11-19T15:16:09","modified_gmt":"2023-11-19T14:16:09","slug":"30-jahre-aktiver-saenger","status":"publish","type":"post","link":"https:\/\/mchm.ch\/neu\/?p=8422","title":{"rendered":"30 Jahre Aktiver S\u00e4nger"},"content":{"rendered":"<p class=\"western\" align=\"justify\"><span style=\"color: #000080;\"><a style=\"color: #000080;\" href=\"https:\/\/mchm.ch\/neu\/?attachment_id=7165\">Am Samstag, 11. November 2023 ehrte der Thurgauer Kantonalgesangsverband beziehungsweise der Schweizer Chorverband anl\u00e4sslich einer vom Frauenchor Wigoltingen organisierten Veranstaltung etliche S\u00e4ngerinnen und S\u00e4nger. Auch unser S\u00e4ngerkamerad Hansruedi Sch\u00fctz wurde f\u00fcr 30 Jahre aktive Mitgliedschaft im Verband ausgezeichnet. Hansruedi sang 15 Jahre lang im M\u00e4nnerchor Salenstein und ist nun bereits 15 Jahre lang Mitglied im M\u00e4nnerchor M\u00e4rstetten. A<\/a>ls stimmsicherer S\u00e4nger im zweiten Bass und wirklich guter Kamerad ist er unter den Chormitgliedern sehr beliebt. Vizekantonalpr\u00e4sident Hanspeter Bamert \u00fcberreichte ihm die Ehrenurkunde sowie den Ansteckpin. Wir gratulieren Hansruedi zum Jubil\u00e4um und w\u00fcnschen ihm weiterhin viel Spass in unserem Chor.<\/span><\/p>\n<p><a href=\"https:\/\/mchm.ch\/neu\/?attachment_id=8423\" rel=\"attachment wp-att-8423\"><img loading=\"lazy\" decoding=\"async\" class=\"alignnone wp-image-8423 size-large\" src=\"https:\/\/mchm.ch\/neu\/wp-content\/uploads\/2023\/11\/Kom_Schuetz-1024x332.jpg\" alt=\"\" width=\"620\" height=\"201\" srcset=\"https:\/\/mchm.ch\/neu\/wp-content\/uploads\/2023\/11\/Kom_Schuetz-1024x332.jpg 1024w, https:\/\/mchm.ch\/neu\/wp-content\/uploads\/2023\/11\/Kom_Schuetz-300x97.jpg 300w, https:\/\/mchm.ch\/neu\/wp-content\/uploads\/2023\/11\/Kom_Schuetz-768x249.jpg 768w, https:\/\/mchm.ch\/neu\/wp-content\/uploads\/2023\/11\/Kom_Schuetz-1536x498.jpg 1536w, https:\/\/mchm.ch\/neu\/wp-content\/uploads\/2023\/11\/Kom_Schuetz.jpg 1597w\" sizes=\"auto, (max-width: 620px) 100vw, 620px\" \/><\/a><\/p>\n","protected":false},"excerpt":{"rendered":"<p>Am Samstag, 11. November 2023 ehrte der Thurgauer Kantonalgesangsverband beziehungsweise der Schweizer Chorverband anl\u00e4sslich einer vom Frauenchor Wigoltingen organisierten Veranstaltung etliche S\u00e4ngerinnen und S\u00e4nger. Auch unser S\u00e4ngerkamerad Hansruedi Sch\u00fctz wurde f\u00fcr 30 Jahre aktive Mitgliedschaft im Verband ausgezeichnet. Hansruedi sang &hellip; <a href=\"https:\/\/mchm.ch\/neu\/?p=8422\">Weiterlesen <span class=\"meta-nav\">&rarr;<\/span><\/a><\/p>\n","protected":false},"author":3,"featured_media":0,"comment_status":"open","ping_status":"closed","sticky":false,"template":"","format":"standard","meta":{"ngg_post_thumbnail":0,"footnotes":""},"categories":[1],"tags":[],"class_list":["post-8422","post","type-post","status-publish","format-standard","hentry","category-uncategorized"],"_links":{"self":[{"href":"https:\/\/mchm.ch\/neu\/index.php?rest_route=\/wp\/v2\/posts\/8422","targetHints":{"allow":["GET"]}}],"collection":[{"href":"https:\/\/mchm.ch\/neu\/index.php?rest_route=\/wp\/v2\/posts"}],"about":[{"href":"https:\/\/mchm.ch\/neu\/index.php?rest_route=\/wp\/v2\/types\/post"}],"author":[{"embeddable":true,"href":"https:\/\/mchm.ch\/neu\/index.php?rest_route=\/wp\/v2\/users\/3"}],"replies":[{"embeddable":true,"href":"https:\/\/mchm.ch\/neu\/index.php?rest_route=%2Fwp%2Fv2%2Fcomments&post=8422"}],"version-history":[{"count":2,"href":"https:\/\/mchm.ch\/neu\/index.php?rest_route=\/wp\/v2\/posts\/8422\/revisions"}],"predecessor-version":[{"id":8425,"href":"https:\/\/mchm.ch\/neu\/index.php?rest_route=\/wp\/v2\/posts\/8422\/revisions\/8425"}],"wp:attachment":[{"href":"https:\/\/mchm.ch\/neu\/index.php?rest_route=%2Fwp%2Fv2%2Fmedia&parent=8422"}],"wp:term":[{"taxonomy":"category","embeddable":true,"href":"https:\/\/mchm.ch\/neu\/index.php?rest_route=%2Fwp%2Fv2%2Fcategories&post=8422"},{"taxonomy":"post_tag","embeddable":true,"href":"https:\/\/mchm.ch\/neu\/index.php?rest_route=%2Fwp%2Fv2%2Ftags&post=8422"}],"curies":[{"name":"wp","href":"https:\/\/api.w.org\/{rel}","templated":true}]}}