{"id":8432,"date":"2023-12-12T19:28:48","date_gmt":"2023-12-12T18:28:48","guid":{"rendered":"https:\/\/mchm.ch\/neu\/?p=8432"},"modified":"2023-12-29T11:46:59","modified_gmt":"2023-12-29T10:46:59","slug":"chlausabend-des-maennerchors","status":"publish","type":"post","link":"https:\/\/mchm.ch\/neu\/?p=8432","title":{"rendered":"Chlausabend des M\u00e4nnerchors"},"content":{"rendered":"<p class=\"western\" align=\"justify\"><span style=\"color: #000080;\">Diesmal wurde am allj\u00e4hrlichen Chlaush\u00f6ck des M\u00e4nnerchors kein Fondue serviert. Unser Mits\u00e4nger im zweiten Bass, Franz-Karl Hasler, hatte uns zum Pizzaplausch im Mattenhof eingeladen.<\/span><br \/>\n<span style=\"color: #000080;\">Bei unserem Eintreffen war die Stube festlich geschm\u00fcckt. In der K\u00fcche waren Therese und Corina Hasler mit den Vorbereitungen besch\u00e4ftigt, w\u00e4hrend Franz-Karl daf\u00fcr sorgte, dass wir alle etwas zu trinken hatten. Die drei Kinder Marvin, Gian und Seraina wirkten sichtlich gespannt; es war offensichtlich, worauf sie warteten. Als endlich der Samichlaus kam, wurde er mit einem Lied begr\u00fcsst, doch dann widmete er sich erst mal den Kindern, wobei dem Schreibenden der Gedanke kam, dass er sich in seiner Kinderzeit einen solch lieben Samichlaus gew\u00fcnscht h\u00e4tte.<\/span><br \/>\n<span style=\"color: #000080;\">Nach den Kindern wandte sich der Chlaus an den Chor, speziell an unseren Pr\u00e4sidenten Hans Zwicky. Ihm wurde zum Dank f\u00fcr seinen grossen Einsatz das ganze Jahr \u00fcber ein gutes Fl\u00e4schchen und ein Bild \u00fcberreicht. Auch unser Dirigent Jakub Djialak wurde gew\u00fcrdigt, sein Bem\u00fchen, uns gesangstechnisch voranzu-bringen, ist nicht selbstverst\u00e4ndlich. Nachdem wir noch ein Lied gesungen hatten, verabschiedete sich der Chlaus, und die Kinder wurden bald zu Bett gebracht.<\/span><br \/>\n<span style=\"color: #000080;\">Nun wurden die Pizzas serviert, sie waren wirklich ausgezeichnet. Therese machte verschiedene Sorten und schnitt sie in handliche Teile. So konnte jeder sich nach seinem Gusto bedienen, bis wirklich alle (mehr als) satt waren. Nach dem Essen wurde noch l\u00e4ngere Zeit gem\u00fctlich geplaudert und zwischendurch immer wieder mal gesungen.<\/span><br \/>\n<span style=\"color: #000080;\">Es war wirklich ein rundum gelungener Anlass. Wir danken der Familie Hasler auf<span style=\"font-family: HelveticaNeueLT Com 55 Roman;\">&#8217;s Herzlichste!<\/span><\/span><\/p>\n<p><a href=\"https:\/\/mchm.ch\/neu\/?attachment_id=8433\" rel=\"attachment wp-att-8433\"><img loading=\"lazy\" decoding=\"async\" class=\"size-large wp-image-8433\" src=\"https:\/\/mchm.ch\/neu\/wp-content\/uploads\/2023\/12\/Chlausabend_Kombi-1024x472.jpg\" alt=\"\" width=\"620\" height=\"286\" srcset=\"https:\/\/mchm.ch\/neu\/wp-content\/uploads\/2023\/12\/Chlausabend_Kombi-1024x472.jpg 1024w, https:\/\/mchm.ch\/neu\/wp-content\/uploads\/2023\/12\/Chlausabend_Kombi-300x138.jpg 300w, https:\/\/mchm.ch\/neu\/wp-content\/uploads\/2023\/12\/Chlausabend_Kombi-768x354.jpg 768w, https:\/\/mchm.ch\/neu\/wp-content\/uploads\/2023\/12\/Chlausabend_Kombi-1536x708.jpg 1536w, https:\/\/mchm.ch\/neu\/wp-content\/uploads\/2023\/12\/Chlausabend_Kombi.jpg 1802w\" sizes=\"auto, (max-width: 620px) 100vw, 620px\" \/><\/a><\/p>\n","protected":false},"excerpt":{"rendered":"<p>Diesmal wurde am allj\u00e4hrlichen Chlaush\u00f6ck des M\u00e4nnerchors kein Fondue serviert. Unser Mits\u00e4nger im zweiten Bass, Franz-Karl Hasler, hatte uns zum Pizzaplausch im Mattenhof eingeladen. Bei unserem Eintreffen war die Stube festlich geschm\u00fcckt. In der K\u00fcche waren Therese und Corina Hasler &hellip; <a href=\"https:\/\/mchm.ch\/neu\/?p=8432\">Weiterlesen <span class=\"meta-nav\">&rarr;<\/span><\/a><\/p>\n","protected":false},"author":3,"featured_media":0,"comment_status":"open","ping_status":"closed","sticky":false,"template":"","format":"standard","meta":{"ngg_post_thumbnail":0,"footnotes":""},"categories":[1],"tags":[],"class_list":["post-8432","post","type-post","status-publish","format-standard","hentry","category-uncategorized"],"_links":{"self":[{"href":"https:\/\/mchm.ch\/neu\/index.php?rest_route=\/wp\/v2\/posts\/8432","targetHints":{"allow":["GET"]}}],"collection":[{"href":"https:\/\/mchm.ch\/neu\/index.php?rest_route=\/wp\/v2\/posts"}],"about":[{"href":"https:\/\/mchm.ch\/neu\/index.php?rest_route=\/wp\/v2\/types\/post"}],"author":[{"embeddable":true,"href":"https:\/\/mchm.ch\/neu\/index.php?rest_route=\/wp\/v2\/users\/3"}],"replies":[{"embeddable":true,"href":"https:\/\/mchm.ch\/neu\/index.php?rest_route=%2Fwp%2Fv2%2Fcomments&post=8432"}],"version-history":[{"count":13,"href":"https:\/\/mchm.ch\/neu\/index.php?rest_route=\/wp\/v2\/posts\/8432\/revisions"}],"predecessor-version":[{"id":8447,"href":"https:\/\/mchm.ch\/neu\/index.php?rest_route=\/wp\/v2\/posts\/8432\/revisions\/8447"}],"wp:attachment":[{"href":"https:\/\/mchm.ch\/neu\/index.php?rest_route=%2Fwp%2Fv2%2Fmedia&parent=8432"}],"wp:term":[{"taxonomy":"category","embeddable":true,"href":"https:\/\/mchm.ch\/neu\/index.php?rest_route=%2Fwp%2Fv2%2Fcategories&post=8432"},{"taxonomy":"post_tag","embeddable":true,"href":"https:\/\/mchm.ch\/neu\/index.php?rest_route=%2Fwp%2Fv2%2Ftags&post=8432"}],"curies":[{"name":"wp","href":"https:\/\/api.w.org\/{rel}","templated":true}]}}