{"id":8452,"date":"2024-01-30T11:55:31","date_gmt":"2024-01-30T10:55:31","guid":{"rendered":"https:\/\/mchm.ch\/neu\/?p=8452"},"modified":"2024-01-30T19:46:22","modified_gmt":"2024-01-30T18:46:22","slug":"wir-suchen-projektsaenger","status":"publish","type":"post","link":"https:\/\/mchm.ch\/neu\/?p=8452","title":{"rendered":"Der M\u00e4nnerchor sucht Projekts\u00e4nger.<p><p>Sing doch einfach mit!"},"content":{"rendered":"<p><a href=\"https:\/\/mchm.ch\/neu\/?attachment_id=8454\" rel=\"attachment wp-att-8454\"><img loading=\"lazy\" decoding=\"async\" class=\"alignnone wp-image-8454 size-large\" src=\"https:\/\/mchm.ch\/neu\/wp-content\/uploads\/2024\/01\/MCHM-1024x680.jpg\" alt=\"\" width=\"620\" height=\"412\" srcset=\"https:\/\/mchm.ch\/neu\/wp-content\/uploads\/2024\/01\/MCHM-1024x680.jpg 1024w, https:\/\/mchm.ch\/neu\/wp-content\/uploads\/2024\/01\/MCHM-300x199.jpg 300w, https:\/\/mchm.ch\/neu\/wp-content\/uploads\/2024\/01\/MCHM-768x510.jpg 768w, https:\/\/mchm.ch\/neu\/wp-content\/uploads\/2024\/01\/MCHM-1536x1020.jpg 1536w, https:\/\/mchm.ch\/neu\/wp-content\/uploads\/2024\/01\/MCHM.jpg 1772w\" sizes=\"auto, (max-width: 620px) 100vw, 620px\" \/><\/a><\/p>\n<p class=\"western\" align=\"justify\"><span style=\"color: #000080;\">F\u00fcr einen Auftritt am Chorfestival Untersee und Rhein suchen wir sangesfreudige M\u00e4nner zur stimmlichen Unterst\u00fctzung. Wir proben ab 8. Februar jeweils um 20 Uhr im Kirchgemeindehaus M\u00e4rstetten. Einge\u00fcbt werden zwei neue Lieder, die wir am Samstag, 1. Juni 2024 in Mammern vortragen wollen. Nach Abschluss des Projektes nehmen wir Interessierte gerne als neue Mitglieder in unseren Chor auf. Gib Dir einen Stoss; Du hast nichts zu verlieren. Das Projekt bildet f\u00fcr alle, die gerne singen einen idealen Einstieg ohne Verpflichtung. Bei uns wird neben dem Gesang auch die Gemeinschaft gepflegt. So sitzen wir nach den Proben jeweils gem\u00fctlich zusammen. Aber auch Anl\u00e4sse wie gemeinsame Grillfeste, Vereinsreisen und so weiter kommen nicht zu kurz. Kameradschaft wird unter S\u00e4ngern gross geschrieben!<\/span><\/p>\n<p class=\"western\" align=\"justify\"><span style=\"color: #000080;\">Wenn Du interessiert bist, melde Dich bitte bei unserem Pr\u00e4sidenten Hans Zwicky, &lt;<u><a style=\"color: #000080;\" href=\"mailto:hakazet@hotmail.com\">hakazet@hotmail.com<\/a><\/u>&gt;, oder komme einfach am Donnerstagabend zur Probe ins Kirchgemeindehaus M\u00e4rstetten. Wir freuen uns auf Dich!<\/span><\/p>\n","protected":false},"excerpt":{"rendered":"<p>F\u00fcr einen Auftritt am Chorfestival Untersee und Rhein suchen wir sangesfreudige M\u00e4nner zur stimmlichen Unterst\u00fctzung. Wir proben ab 8. Februar jeweils um 20 Uhr im Kirchgemeindehaus M\u00e4rstetten. Einge\u00fcbt werden zwei neue Lieder, die wir am Samstag, 1. Juni 2024 in &hellip; <a href=\"https:\/\/mchm.ch\/neu\/?p=8452\">Weiterlesen <span class=\"meta-nav\">&rarr;<\/span><\/a><\/p>\n","protected":false},"author":3,"featured_media":0,"comment_status":"open","ping_status":"closed","sticky":false,"template":"","format":"standard","meta":{"ngg_post_thumbnail":0,"footnotes":""},"categories":[1],"tags":[],"class_list":["post-8452","post","type-post","status-publish","format-standard","hentry","category-uncategorized"],"_links":{"self":[{"href":"https:\/\/mchm.ch\/neu\/index.php?rest_route=\/wp\/v2\/posts\/8452","targetHints":{"allow":["GET"]}}],"collection":[{"href":"https:\/\/mchm.ch\/neu\/index.php?rest_route=\/wp\/v2\/posts"}],"about":[{"href":"https:\/\/mchm.ch\/neu\/index.php?rest_route=\/wp\/v2\/types\/post"}],"author":[{"embeddable":true,"href":"https:\/\/mchm.ch\/neu\/index.php?rest_route=\/wp\/v2\/users\/3"}],"replies":[{"embeddable":true,"href":"https:\/\/mchm.ch\/neu\/index.php?rest_route=%2Fwp%2Fv2%2Fcomments&post=8452"}],"version-history":[{"count":32,"href":"https:\/\/mchm.ch\/neu\/index.php?rest_route=\/wp\/v2\/posts\/8452\/revisions"}],"predecessor-version":[{"id":8485,"href":"https:\/\/mchm.ch\/neu\/index.php?rest_route=\/wp\/v2\/posts\/8452\/revisions\/8485"}],"wp:attachment":[{"href":"https:\/\/mchm.ch\/neu\/index.php?rest_route=%2Fwp%2Fv2%2Fmedia&parent=8452"}],"wp:term":[{"taxonomy":"category","embeddable":true,"href":"https:\/\/mchm.ch\/neu\/index.php?rest_route=%2Fwp%2Fv2%2Fcategories&post=8452"},{"taxonomy":"post_tag","embeddable":true,"href":"https:\/\/mchm.ch\/neu\/index.php?rest_route=%2Fwp%2Fv2%2Ftags&post=8452"}],"curies":[{"name":"wp","href":"https:\/\/api.w.org\/{rel}","templated":true}]}}