{"id":8506,"date":"2024-06-09T10:25:56","date_gmt":"2024-06-09T08:25:56","guid":{"rendered":"https:\/\/mchm.ch\/neu\/?p=8506"},"modified":"2024-06-09T10:55:35","modified_gmt":"2024-06-09T08:55:35","slug":"chortreffen-in-mammern","status":"publish","type":"post","link":"https:\/\/mchm.ch\/neu\/?p=8506","title":{"rendered":"Chortreffen in Mammern"},"content":{"rendered":"<p><a href=\"https:\/\/mchm.ch\/neu\/?attachment_id=8507\" rel=\"attachment wp-att-8507\"><img loading=\"lazy\" decoding=\"async\" class=\"alignleft size-large wp-image-8507\" src=\"https:\/\/mchm.ch\/neu\/wp-content\/uploads\/2024\/06\/Kombi_Mammrn-1024x446.jpg\" alt=\"\" width=\"620\" height=\"270\" srcset=\"https:\/\/mchm.ch\/neu\/wp-content\/uploads\/2024\/06\/Kombi_Mammrn-1024x446.jpg 1024w, https:\/\/mchm.ch\/neu\/wp-content\/uploads\/2024\/06\/Kombi_Mammrn-300x131.jpg 300w, https:\/\/mchm.ch\/neu\/wp-content\/uploads\/2024\/06\/Kombi_Mammrn-768x334.jpg 768w, https:\/\/mchm.ch\/neu\/wp-content\/uploads\/2024\/06\/Kombi_Mammrn-1536x669.jpg 1536w, https:\/\/mchm.ch\/neu\/wp-content\/uploads\/2024\/06\/Kombi_Mammrn.jpg 1851w\" sizes=\"auto, (max-width: 620px) 100vw, 620px\" \/><\/a><\/p>\n<p align=\"justify\">&nbsp;<\/p>\n<p class=\"western\" align=\"justify\"><span style=\"color: #000080;\">Am 1. und 2. Juni fand das Chorfestival Untersee &amp; Rhein in Mammern statt. Der M\u00e4nnerchor Eschenz und die Chormanne Mammern hatten den Anlass gemeinsam auf die Beine gestellt. Die Organisation war hervorragend. Alle Treffpunkte, Verpflegungsst\u00e4nde, usw. waren in Zelten, so dass es sich S\u00e4nger und G\u00e4ste stets im Trockenen gem\u00fctlich machen konnten. Wir hatten unseren Auftritt bereits um 10.45 Uhr, konnten also danach die Zeit bis zum Expertengespr\u00e4ch und anschliessendem Mittagessen voll geniessen. Das tat gut, denn vor dem Auftritt war schon eine gewisse Anspannung vorhanden, war doch unser Dirigent ausgefallen. Doch unser Mits\u00e4nger Dominik Graf dirigierte uns und sang gleichzeitig mit. Auf diese Weise konnten wir das Publikum mit den beiden Liedern \u00abFestgesang\u00bb und \u00abMann im Mond\u00bb doch noch begeistern. Entsprechend war dann auch der Applaus. Danke, Dominik!<\/span><\/p>\n","protected":false},"excerpt":{"rendered":"<p>&nbsp; Am 1. und 2. Juni fand das Chorfestival Untersee &amp; Rhein in Mammern statt. Der M\u00e4nnerchor Eschenz und die Chormanne Mammern hatten den Anlass gemeinsam auf die Beine gestellt. Die Organisation war hervorragend. Alle Treffpunkte, Verpflegungsst\u00e4nde, usw. waren in &hellip; <a href=\"https:\/\/mchm.ch\/neu\/?p=8506\">Weiterlesen <span class=\"meta-nav\">&rarr;<\/span><\/a><\/p>\n","protected":false},"author":3,"featured_media":0,"comment_status":"open","ping_status":"closed","sticky":false,"template":"","format":"standard","meta":{"ngg_post_thumbnail":0,"footnotes":""},"categories":[1],"tags":[],"class_list":["post-8506","post","type-post","status-publish","format-standard","hentry","category-uncategorized"],"_links":{"self":[{"href":"https:\/\/mchm.ch\/neu\/index.php?rest_route=\/wp\/v2\/posts\/8506","targetHints":{"allow":["GET"]}}],"collection":[{"href":"https:\/\/mchm.ch\/neu\/index.php?rest_route=\/wp\/v2\/posts"}],"about":[{"href":"https:\/\/mchm.ch\/neu\/index.php?rest_route=\/wp\/v2\/types\/post"}],"author":[{"embeddable":true,"href":"https:\/\/mchm.ch\/neu\/index.php?rest_route=\/wp\/v2\/users\/3"}],"replies":[{"embeddable":true,"href":"https:\/\/mchm.ch\/neu\/index.php?rest_route=%2Fwp%2Fv2%2Fcomments&post=8506"}],"version-history":[{"count":4,"href":"https:\/\/mchm.ch\/neu\/index.php?rest_route=\/wp\/v2\/posts\/8506\/revisions"}],"predecessor-version":[{"id":8511,"href":"https:\/\/mchm.ch\/neu\/index.php?rest_route=\/wp\/v2\/posts\/8506\/revisions\/8511"}],"wp:attachment":[{"href":"https:\/\/mchm.ch\/neu\/index.php?rest_route=%2Fwp%2Fv2%2Fmedia&parent=8506"}],"wp:term":[{"taxonomy":"category","embeddable":true,"href":"https:\/\/mchm.ch\/neu\/index.php?rest_route=%2Fwp%2Fv2%2Fcategories&post=8506"},{"taxonomy":"post_tag","embeddable":true,"href":"https:\/\/mchm.ch\/neu\/index.php?rest_route=%2Fwp%2Fv2%2Ftags&post=8506"}],"curies":[{"name":"wp","href":"https:\/\/api.w.org\/{rel}","templated":true}]}}