{"id":8536,"date":"2024-09-28T19:25:22","date_gmt":"2024-09-28T17:25:22","guid":{"rendered":"https:\/\/mchm.ch\/neu\/?p=8536"},"modified":"2024-09-28T19:31:45","modified_gmt":"2024-09-28T17:31:45","slug":"alle-jahre-wieder-2","status":"publish","type":"post","link":"https:\/\/mchm.ch\/neu\/?p=8536","title":{"rendered":"Alle Jahre wieder &#8211; Bettags-Gottesdienst"},"content":{"rendered":"<p align=\"justify\"><a href=\"https:\/\/mchm.ch\/neu\/?attachment_id=8533\" rel=\"attachment wp-att-8533\"><img loading=\"lazy\" decoding=\"async\" class=\"alignleft size-large wp-image-8533\" src=\"https:\/\/mchm.ch\/neu\/wp-content\/uploads\/2024\/09\/Bettag2024-1024x768.jpg\" alt=\"\" width=\"620\" height=\"465\" srcset=\"https:\/\/mchm.ch\/neu\/wp-content\/uploads\/2024\/09\/Bettag2024-1024x768.jpg 1024w, https:\/\/mchm.ch\/neu\/wp-content\/uploads\/2024\/09\/Bettag2024-300x225.jpg 300w, https:\/\/mchm.ch\/neu\/wp-content\/uploads\/2024\/09\/Bettag2024-768x576.jpg 768w, https:\/\/mchm.ch\/neu\/wp-content\/uploads\/2024\/09\/Bettag2024-1536x1152.jpg 1536w, https:\/\/mchm.ch\/neu\/wp-content\/uploads\/2024\/09\/Bettag2024-2048x1536.jpg 2048w\" sizes=\"auto, (max-width: 620px) 100vw, 620px\" \/><\/a><\/p>\n<p align=\"justify\">&nbsp;<\/p>\n<p align=\"justify\"><span style=\"color: #000080;\">Wie immer am Eidgen\u00f6ssischen Buss-, Dank- und Bettag wirkte der M\u00e4nnerchor M\u00e4rstetten im Gottesdienst mit. Wir sangen drei Lieder: \u00abFestgesang\u00bb, \u00abN\u00e4her, mein Gott, zu Dir\u00bb, \u00abGlocken der Heimat\u00bb. Der Titel des Liedes \u00abN\u00e4her, mein Gott, zu Dir\u00bb war auch das Thema des Gottesdienstes. Das f\u00fcnfstrophige Lied erz\u00e4hlt die Geschichte von Jakobs Traum von der Himmelsleiter aus dem 1. Buch Mose. Es ist bei vielen auch bekannt aus dem Film \u00abTitanic\u00bb. Der Legende nach hat das Orchester dieses Lied beim Untergang des Schiffes gespielt. Pfarrer Tobias Arni (auch Mitglied unseres Chors) ging in seiner Predigt sehr anschaulich auf den Inhalt des Liedes ein. Es war ein sch\u00f6ner, inspirierender Gottesdienst, und die Besucher erfreuten sich offensichtlich an unseren Gesangseinlagen. Dies zeigte sich auch am kr\u00e4ftigen Schlussapplaus.<\/span><\/p>\n","protected":false},"excerpt":{"rendered":"<p>&nbsp; Wie immer am Eidgen\u00f6ssischen Buss-, Dank- und Bettag wirkte der M\u00e4nnerchor M\u00e4rstetten im Gottesdienst mit. Wir sangen drei Lieder: \u00abFestgesang\u00bb, \u00abN\u00e4her, mein Gott, zu Dir\u00bb, \u00abGlocken der Heimat\u00bb. Der Titel des Liedes \u00abN\u00e4her, mein Gott, zu Dir\u00bb war auch &hellip; <a href=\"https:\/\/mchm.ch\/neu\/?p=8536\">Weiterlesen <span class=\"meta-nav\">&rarr;<\/span><\/a><\/p>\n","protected":false},"author":3,"featured_media":0,"comment_status":"open","ping_status":"closed","sticky":false,"template":"","format":"standard","meta":{"ngg_post_thumbnail":0,"footnotes":""},"categories":[1],"tags":[],"class_list":["post-8536","post","type-post","status-publish","format-standard","hentry","category-uncategorized"],"_links":{"self":[{"href":"https:\/\/mchm.ch\/neu\/index.php?rest_route=\/wp\/v2\/posts\/8536","targetHints":{"allow":["GET"]}}],"collection":[{"href":"https:\/\/mchm.ch\/neu\/index.php?rest_route=\/wp\/v2\/posts"}],"about":[{"href":"https:\/\/mchm.ch\/neu\/index.php?rest_route=\/wp\/v2\/types\/post"}],"author":[{"embeddable":true,"href":"https:\/\/mchm.ch\/neu\/index.php?rest_route=\/wp\/v2\/users\/3"}],"replies":[{"embeddable":true,"href":"https:\/\/mchm.ch\/neu\/index.php?rest_route=%2Fwp%2Fv2%2Fcomments&post=8536"}],"version-history":[{"count":5,"href":"https:\/\/mchm.ch\/neu\/index.php?rest_route=\/wp\/v2\/posts\/8536\/revisions"}],"predecessor-version":[{"id":8541,"href":"https:\/\/mchm.ch\/neu\/index.php?rest_route=\/wp\/v2\/posts\/8536\/revisions\/8541"}],"wp:attachment":[{"href":"https:\/\/mchm.ch\/neu\/index.php?rest_route=%2Fwp%2Fv2%2Fmedia&parent=8536"}],"wp:term":[{"taxonomy":"category","embeddable":true,"href":"https:\/\/mchm.ch\/neu\/index.php?rest_route=%2Fwp%2Fv2%2Fcategories&post=8536"},{"taxonomy":"post_tag","embeddable":true,"href":"https:\/\/mchm.ch\/neu\/index.php?rest_route=%2Fwp%2Fv2%2Ftags&post=8536"}],"curies":[{"name":"wp","href":"https:\/\/api.w.org\/{rel}","templated":true}]}}