{"id":8548,"date":"2024-10-28T19:43:58","date_gmt":"2024-10-28T18:43:58","guid":{"rendered":"https:\/\/mchm.ch\/neu\/?p=8548"},"modified":"2024-10-28T19:47:30","modified_gmt":"2024-10-28T18:47:30","slug":"unser-praesident-feiert-geburtstag","status":"publish","type":"post","link":"https:\/\/mchm.ch\/neu\/?p=8548","title":{"rendered":"Unser Pr\u00e4sident feiert Geburtstag"},"content":{"rendered":"<p align=\"justify\"><a href=\"https:\/\/mchm.ch\/neu\/?attachment_id=8549\" rel=\"attachment wp-att-8549\"><img loading=\"lazy\" decoding=\"async\" class=\"size-large wp-image-8549 alignnone\" src=\"https:\/\/mchm.ch\/neu\/wp-content\/uploads\/2024\/10\/Geburtstag_Hans-1024x768.jpg\" alt=\"\" width=\"620\" height=\"465\" srcset=\"https:\/\/mchm.ch\/neu\/wp-content\/uploads\/2024\/10\/Geburtstag_Hans-1024x768.jpg 1024w, https:\/\/mchm.ch\/neu\/wp-content\/uploads\/2024\/10\/Geburtstag_Hans-300x225.jpg 300w, https:\/\/mchm.ch\/neu\/wp-content\/uploads\/2024\/10\/Geburtstag_Hans-768x576.jpg 768w, https:\/\/mchm.ch\/neu\/wp-content\/uploads\/2024\/10\/Geburtstag_Hans-1536x1152.jpg 1536w, https:\/\/mchm.ch\/neu\/wp-content\/uploads\/2024\/10\/Geburtstag_Hans-2048x1536.jpg 2048w\" sizes=\"auto, (max-width: 620px) 100vw, 620px\" \/><\/a><\/p>\n<p align=\"justify\"><span style=\"color: #000080;\">Am 2. Oktober feierte unser Pr\u00e4sident Hans Zwicky seinen 63. Geburtstag. Am Tag danach, den 3. Oktober, \u00fcberraschte er uns nach der Chorprobe mit einem reichhaltigen Ap\u00e9ro im Kirchgemeindehaus. Hatten wir vorher schon ausgiebig gesungen, wurden nat\u00fcrlich auch beim Ap\u00e9ro noch einige Lieder zum Besten gegeben. Wie man auf dem Bild erkennen kann, war die Stimmung ausgezeichnet.<br \/>\n<\/span><span style=\"color: #000080;\">Lieber Hans, wir danken herzlich f\u00fcr das Gebotene und w\u00fcnschen Dir f\u00fcr die Zukunft nur das Beste.<\/span><\/p>\n","protected":false},"excerpt":{"rendered":"<p>Am 2. Oktober feierte unser Pr\u00e4sident Hans Zwicky seinen 63. Geburtstag. Am Tag danach, den 3. Oktober, \u00fcberraschte er uns nach der Chorprobe mit einem reichhaltigen Ap\u00e9ro im Kirchgemeindehaus. Hatten wir vorher schon ausgiebig gesungen, wurden nat\u00fcrlich auch beim Ap\u00e9ro &hellip; <a href=\"https:\/\/mchm.ch\/neu\/?p=8548\">Weiterlesen <span class=\"meta-nav\">&rarr;<\/span><\/a><\/p>\n","protected":false},"author":3,"featured_media":0,"comment_status":"open","ping_status":"closed","sticky":false,"template":"","format":"standard","meta":{"ngg_post_thumbnail":0,"footnotes":""},"categories":[1],"tags":[],"class_list":["post-8548","post","type-post","status-publish","format-standard","hentry","category-uncategorized"],"_links":{"self":[{"href":"https:\/\/mchm.ch\/neu\/index.php?rest_route=\/wp\/v2\/posts\/8548","targetHints":{"allow":["GET"]}}],"collection":[{"href":"https:\/\/mchm.ch\/neu\/index.php?rest_route=\/wp\/v2\/posts"}],"about":[{"href":"https:\/\/mchm.ch\/neu\/index.php?rest_route=\/wp\/v2\/types\/post"}],"author":[{"embeddable":true,"href":"https:\/\/mchm.ch\/neu\/index.php?rest_route=\/wp\/v2\/users\/3"}],"replies":[{"embeddable":true,"href":"https:\/\/mchm.ch\/neu\/index.php?rest_route=%2Fwp%2Fv2%2Fcomments&post=8548"}],"version-history":[{"count":4,"href":"https:\/\/mchm.ch\/neu\/index.php?rest_route=\/wp\/v2\/posts\/8548\/revisions"}],"predecessor-version":[{"id":8553,"href":"https:\/\/mchm.ch\/neu\/index.php?rest_route=\/wp\/v2\/posts\/8548\/revisions\/8553"}],"wp:attachment":[{"href":"https:\/\/mchm.ch\/neu\/index.php?rest_route=%2Fwp%2Fv2%2Fmedia&parent=8548"}],"wp:term":[{"taxonomy":"category","embeddable":true,"href":"https:\/\/mchm.ch\/neu\/index.php?rest_route=%2Fwp%2Fv2%2Fcategories&post=8548"},{"taxonomy":"post_tag","embeddable":true,"href":"https:\/\/mchm.ch\/neu\/index.php?rest_route=%2Fwp%2Fv2%2Ftags&post=8548"}],"curies":[{"name":"wp","href":"https:\/\/api.w.org\/{rel}","templated":true}]}}