{"id":8554,"date":"2024-10-28T19:49:59","date_gmt":"2024-10-28T18:49:59","guid":{"rendered":"https:\/\/mchm.ch\/neu\/?p=8554"},"modified":"2024-10-29T10:24:20","modified_gmt":"2024-10-29T09:24:20","slug":"unser-tenorsaenger-wird-60","status":"publish","type":"post","link":"https:\/\/mchm.ch\/neu\/?p=8554","title":{"rendered":"Unser Tenors\u00e4nger wird 60"},"content":{"rendered":"<p align=\"justify\"><a href=\"https:\/\/mchm.ch\/neu\/?attachment_id=8555\" rel=\"attachment wp-att-8555\"><img loading=\"lazy\" decoding=\"async\" class=\"size-large wp-image-8555 alignnone\" src=\"https:\/\/mchm.ch\/neu\/wp-content\/uploads\/2024\/10\/IMG-20241005-WA0000-1024x769.jpg\" alt=\"\" width=\"620\" height=\"466\" srcset=\"https:\/\/mchm.ch\/neu\/wp-content\/uploads\/2024\/10\/IMG-20241005-WA0000-1024x769.jpg 1024w, https:\/\/mchm.ch\/neu\/wp-content\/uploads\/2024\/10\/IMG-20241005-WA0000-300x225.jpg 300w, https:\/\/mchm.ch\/neu\/wp-content\/uploads\/2024\/10\/IMG-20241005-WA0000-768x576.jpg 768w, https:\/\/mchm.ch\/neu\/wp-content\/uploads\/2024\/10\/IMG-20241005-WA0000-1536x1153.jpg 1536w, https:\/\/mchm.ch\/neu\/wp-content\/uploads\/2024\/10\/IMG-20241005-WA0000.jpg 1600w\" sizes=\"auto, (max-width: 620px) 100vw, 620px\" \/><\/a><\/p>\n<p align=\"justify\"><span style=\"color: #000080;\">Am 5. Oktober feierte unser Tenors\u00e4nger Tobias Arni seinen sechzigsten Geburtstag. Dazu hatte er den M\u00e4nnerchor sowie Freunde und Familienmitglieder ins Kirchgemeindehaus zum Brunch eingeladen. Es war ein fantastischer Event! Der Saal war festlich geschm\u00fcckt. Punkto Speisen und Getr\u00e4nke blieben keine W\u00fcnsche offen, jeder bekam von allem wirklich genug. Das Rahmenprogramm war sehr sch\u00f6n gestaltet, ein H\u00f6hepunkt war dabei der Auftritt eines Zauberers. Auch der M\u00e4nnerchor sang noch ein paar Lieder, wobei Tobias selbst im Tenor mithelfen musste.<br \/>\n<\/span><span style=\"color: #000080;\">Lieber Tobias, wir haben den Tag genossen und danken herzlich f\u00fcr die Einladung. Wir w\u00fcnschen Dir f\u00fcr die Zukunft alles Gute, vor allem Gesundheit, famili\u00e4res Gl\u00fcck, und dass Du noch viele Jahre in unserem Chor mitsingen kannst.<\/span><\/p>\n","protected":false},"excerpt":{"rendered":"<p>Am 5. Oktober feierte unser Tenors\u00e4nger Tobias Arni seinen sechzigsten Geburtstag. Dazu hatte er den M\u00e4nnerchor sowie Freunde und Familienmitglieder ins Kirchgemeindehaus zum Brunch eingeladen. Es war ein fantastischer Event! Der Saal war festlich geschm\u00fcckt. Punkto Speisen und Getr\u00e4nke blieben &hellip; <a href=\"https:\/\/mchm.ch\/neu\/?p=8554\">Weiterlesen <span class=\"meta-nav\">&rarr;<\/span><\/a><\/p>\n","protected":false},"author":3,"featured_media":0,"comment_status":"open","ping_status":"closed","sticky":false,"template":"","format":"standard","meta":{"ngg_post_thumbnail":0,"footnotes":""},"categories":[1],"tags":[],"class_list":["post-8554","post","type-post","status-publish","format-standard","hentry","category-uncategorized"],"_links":{"self":[{"href":"https:\/\/mchm.ch\/neu\/index.php?rest_route=\/wp\/v2\/posts\/8554","targetHints":{"allow":["GET"]}}],"collection":[{"href":"https:\/\/mchm.ch\/neu\/index.php?rest_route=\/wp\/v2\/posts"}],"about":[{"href":"https:\/\/mchm.ch\/neu\/index.php?rest_route=\/wp\/v2\/types\/post"}],"author":[{"embeddable":true,"href":"https:\/\/mchm.ch\/neu\/index.php?rest_route=\/wp\/v2\/users\/3"}],"replies":[{"embeddable":true,"href":"https:\/\/mchm.ch\/neu\/index.php?rest_route=%2Fwp%2Fv2%2Fcomments&post=8554"}],"version-history":[{"count":7,"href":"https:\/\/mchm.ch\/neu\/index.php?rest_route=\/wp\/v2\/posts\/8554\/revisions"}],"predecessor-version":[{"id":8577,"href":"https:\/\/mchm.ch\/neu\/index.php?rest_route=\/wp\/v2\/posts\/8554\/revisions\/8577"}],"wp:attachment":[{"href":"https:\/\/mchm.ch\/neu\/index.php?rest_route=%2Fwp%2Fv2%2Fmedia&parent=8554"}],"wp:term":[{"taxonomy":"category","embeddable":true,"href":"https:\/\/mchm.ch\/neu\/index.php?rest_route=%2Fwp%2Fv2%2Fcategories&post=8554"},{"taxonomy":"post_tag","embeddable":true,"href":"https:\/\/mchm.ch\/neu\/index.php?rest_route=%2Fwp%2Fv2%2Ftags&post=8554"}],"curies":[{"name":"wp","href":"https:\/\/api.w.org\/{rel}","templated":true}]}}