{"id":8562,"date":"2024-10-29T09:20:30","date_gmt":"2024-10-29T08:20:30","guid":{"rendered":"https:\/\/mchm.ch\/neu\/?p=8562"},"modified":"2024-11-01T16:17:53","modified_gmt":"2024-11-01T15:17:53","slug":"13-maerstetter-chortreffen","status":"publish","type":"post","link":"https:\/\/mchm.ch\/neu\/?p=8562","title":{"rendered":"13. M\u00e4rstetter Chortreffen"},"content":{"rendered":"<h4 class=\"western\" align=\"justify\"><span style=\"color: #000080;\"><a href=\"https:\/\/mchm.ch\/neu\/?attachment_id=8578\" rel=\"attachment wp-att-8578\"><img loading=\"lazy\" decoding=\"async\" class=\"alignleft wp-image-8578 size-large\" src=\"https:\/\/mchm.ch\/neu\/wp-content\/uploads\/2024\/11\/Chortr_Kombi-1024x599.jpg\" alt=\"\" width=\"620\" height=\"363\" srcset=\"https:\/\/mchm.ch\/neu\/wp-content\/uploads\/2024\/11\/Chortr_Kombi-1024x599.jpg 1024w, https:\/\/mchm.ch\/neu\/wp-content\/uploads\/2024\/11\/Chortr_Kombi-300x176.jpg 300w, https:\/\/mchm.ch\/neu\/wp-content\/uploads\/2024\/11\/Chortr_Kombi-768x450.jpg 768w, https:\/\/mchm.ch\/neu\/wp-content\/uploads\/2024\/11\/Chortr_Kombi-1536x899.jpg 1536w, https:\/\/mchm.ch\/neu\/wp-content\/uploads\/2024\/11\/Chortr_Kombi.jpg 1782w\" sizes=\"auto, (max-width: 620px) 100vw, 620px\" \/><\/a><\/span><\/h4>\n<h4 align=\"justify\">&nbsp;<\/h4>\n<h4 class=\"western\" align=\"justify\"><span style=\"color: #000080;\">Ein Bericht von Marco Rogozia, dem Verantwortlichen f\u00fcr die \u00d6ffent-lichkeitsarbeit des Thurgauer Kantonal-Gesangsverbandes.<\/span><\/h4>\n<p class=\"western\" align=\"justify\"><span style=\"color: #000080;\">Der M\u00e4nnerchor M\u00e4rstetten organisierte am 25. Oktober 2024 in der Mehrzweckhalle Weitsicht ein Chortreffen, an dem 8 Ch\u00f6re teilnahmen und einige Lieder vortrugen.<br \/>\n<\/span><span style=\"color: #000080;\">Neben dem M\u00e4nnerchor M\u00e4rstetten (Can\u2018t help falling in love) traten an diesem Abend der M\u00e4nnerchor Hefenhausen-W\u00e4ldi (Heute haun wir auf die Pauke), das gemischte Jodelch\u00f6rli Ottenberg (Liebi sch\u00e4nke), der M\u00e4nnerchor Bussnang Rothenhausen (Wir sind die alten S\u00e4cke) und der befreundete M\u00e4nnerchor Dettingen\/Iller aus Deutschland, der bereits zum dritten Mal die M\u00e4rstetter S\u00e4nger besuchten, auf.<br \/>\n<\/span><span style=\"color: #000080;\">Nach einer Pause, in der sich die S\u00e4ngerinnen und S\u00e4nger st\u00e4rken und Lose f\u00fcr die Tombola kaufen konnten, traten der M\u00e4nnerchor Wigoltingen (Ach wir H\u00fchner), der Singkreis M\u00fclheim (Have a nice day), der Chor Wyfelde mit dem M\u00e4nner- und Frauenchor Ottoberg (Only you) auf. Den Abschluss bildeten der M\u00e4nnerchor Dettingen und das Jodlerch\u00f6rli, die noch einmal auftraten.<br \/>\n<\/span><span style=\"color: #000080;\">Nach der Nietenverlosung sangen die Dettinger S\u00e4nger und das Jodelch\u00f6rli noch einige Lieder an den Tischen und Fredy B\u00fcnter untermalte den Abend mit seiner Musik. Leider wurde im Vorfeld zu wenig Werbung f\u00fcr diesen Abend gemacht, so dass nur sehr wenige G\u00e4ste kamen. Es war trotzdem ein sch\u00f6ner Abend, an dem die verschiedenen Ch\u00f6re in gem\u00fctlicher Atmosph\u00e4re ihr K\u00f6nnen zeigen konnten.<br \/>\n<\/span><span style=\"color: #000080;\">Am Morgen danach trafen wir uns mit den Dettinger S\u00e4ngern zum gemeinsamen Fr\u00fchst\u00fcck, gefolgt von einer Besichtigung des Lagerhauses der Firma Hausammann in M\u00e4rstetten. Kurz nach 12 Uhr waren alle wieder in der Mehrzweckhalle Weitsicht versammelt, so dass wir zusammen noch ein Fondue geniessen konnten. So verging die Zeit wie im Fluge, bis unsere Freunde nach einem letzten Abschiedslied in den Car stiegen, um die Heimreise nach Dettingen anzutreten.<\/span><\/p>\n","protected":false},"excerpt":{"rendered":"<p>&nbsp; Ein Bericht von Marco Rogozia, dem Verantwortlichen f\u00fcr die \u00d6ffent-lichkeitsarbeit des Thurgauer Kantonal-Gesangsverbandes. Der M\u00e4nnerchor M\u00e4rstetten organisierte am 25. Oktober 2024 in der Mehrzweckhalle Weitsicht ein Chortreffen, an dem 8 Ch\u00f6re teilnahmen und einige Lieder vortrugen. Neben dem M\u00e4nnerchor &hellip; <a href=\"https:\/\/mchm.ch\/neu\/?p=8562\">Weiterlesen <span class=\"meta-nav\">&rarr;<\/span><\/a><\/p>\n","protected":false},"author":3,"featured_media":0,"comment_status":"open","ping_status":"closed","sticky":false,"template":"","format":"video","meta":{"ngg_post_thumbnail":0,"footnotes":""},"categories":[1],"tags":[],"class_list":["post-8562","post","type-post","status-publish","format-video","hentry","category-uncategorized","post_format-post-format-video"],"_links":{"self":[{"href":"https:\/\/mchm.ch\/neu\/index.php?rest_route=\/wp\/v2\/posts\/8562","targetHints":{"allow":["GET"]}}],"collection":[{"href":"https:\/\/mchm.ch\/neu\/index.php?rest_route=\/wp\/v2\/posts"}],"about":[{"href":"https:\/\/mchm.ch\/neu\/index.php?rest_route=\/wp\/v2\/types\/post"}],"author":[{"embeddable":true,"href":"https:\/\/mchm.ch\/neu\/index.php?rest_route=\/wp\/v2\/users\/3"}],"replies":[{"embeddable":true,"href":"https:\/\/mchm.ch\/neu\/index.php?rest_route=%2Fwp%2Fv2%2Fcomments&post=8562"}],"version-history":[{"count":19,"href":"https:\/\/mchm.ch\/neu\/index.php?rest_route=\/wp\/v2\/posts\/8562\/revisions"}],"predecessor-version":[{"id":8583,"href":"https:\/\/mchm.ch\/neu\/index.php?rest_route=\/wp\/v2\/posts\/8562\/revisions\/8583"}],"wp:attachment":[{"href":"https:\/\/mchm.ch\/neu\/index.php?rest_route=%2Fwp%2Fv2%2Fmedia&parent=8562"}],"wp:term":[{"taxonomy":"category","embeddable":true,"href":"https:\/\/mchm.ch\/neu\/index.php?rest_route=%2Fwp%2Fv2%2Fcategories&post=8562"},{"taxonomy":"post_tag","embeddable":true,"href":"https:\/\/mchm.ch\/neu\/index.php?rest_route=%2Fwp%2Fv2%2Ftags&post=8562"}],"curies":[{"name":"wp","href":"https:\/\/api.w.org\/{rel}","templated":true}]}}