{"id":8586,"date":"2024-11-04T16:50:46","date_gmt":"2024-11-04T15:50:46","guid":{"rendered":"https:\/\/mchm.ch\/neu\/?p=8586"},"modified":"2024-11-04T16:51:39","modified_gmt":"2024-11-04T15:51:39","slug":"auch-ehemalige-saenger-feiern","status":"publish","type":"post","link":"https:\/\/mchm.ch\/neu\/?p=8586","title":{"rendered":"Auch ehemalige S\u00e4nger feiern"},"content":{"rendered":"<p align=\"justify\"><span style=\"color: #000080;\"><a href=\"https:\/\/mchm.ch\/neu\/?attachment_id=8584\" rel=\"attachment wp-att-8584\"><img loading=\"lazy\" decoding=\"async\" class=\"size-large wp-image-8584 alignnone\" src=\"https:\/\/mchm.ch\/neu\/wp-content\/uploads\/2024\/11\/Geb_Beat_1-843x1024.jpg\" alt=\"\" width=\"620\" height=\"753\" srcset=\"https:\/\/mchm.ch\/neu\/wp-content\/uploads\/2024\/11\/Geb_Beat_1-843x1024.jpg 843w, https:\/\/mchm.ch\/neu\/wp-content\/uploads\/2024\/11\/Geb_Beat_1-247x300.jpg 247w, https:\/\/mchm.ch\/neu\/wp-content\/uploads\/2024\/11\/Geb_Beat_1-768x933.jpg 768w, https:\/\/mchm.ch\/neu\/wp-content\/uploads\/2024\/11\/Geb_Beat_1-1265x1536.jpg 1265w, https:\/\/mchm.ch\/neu\/wp-content\/uploads\/2024\/11\/Geb_Beat_1-1687x2048.jpg 1687w, https:\/\/mchm.ch\/neu\/wp-content\/uploads\/2024\/11\/Geb_Beat_1.jpg 1694w\" sizes=\"auto, (max-width: 620px) 100vw, 620px\" \/><\/a><\/span><span style=\"color: #000080;\">Am 24. Oktober feierte unser ehemaliger Tenors\u00e4nger Beat Wyler seinen 70. Geburtstag. Eine Woche sp\u00e4ter brachten wir ihm und seinen Freunden von der Alterssiedlung Lindenb\u00fcel ein St\u00e4ndchen. Wir sangen acht Lieder, und die Stimmung war sowohl bei uns als auch beim Publikum ausgezeichnet. Nach dem Gesang wurden wir verpflegt mit feinen Bratw\u00fcrsten und B\u00fcrli, dazu gab es nebst alkoholfreien Getr\u00e4nken Rotwein, Weisswein oder Bier. So wurde noch lange gem\u00fctlich geplaudert, bis sich dann der Verein auf den Heimweg nach M\u00e4rstetten machte.<br \/>\n<\/span><span style=\"color: #000080;\">Lieber Beat, wir danken herzlich f\u00fcr den sch\u00f6nen Abend. F\u00fcr die Zukunft w\u00fcnschen wir Dir Gesundheit und Kurzweil mit Deinen Freunden und Mitbewohnern. Auch hoffen wir, dass Du noch lange unserem Chor verbunden bleibst.<\/span><\/p>\n<p align=\"justify\"><a href=\"https:\/\/mchm.ch\/neu\/?attachment_id=8585\" rel=\"attachment wp-att-8585\"><img loading=\"lazy\" decoding=\"async\" class=\"alignleft size-large wp-image-8585\" src=\"https:\/\/mchm.ch\/neu\/wp-content\/uploads\/2024\/11\/Geb_Beat_2-768x1024.jpg\" alt=\"\" width=\"620\" height=\"827\" srcset=\"https:\/\/mchm.ch\/neu\/wp-content\/uploads\/2024\/11\/Geb_Beat_2-768x1024.jpg 768w, https:\/\/mchm.ch\/neu\/wp-content\/uploads\/2024\/11\/Geb_Beat_2-225x300.jpg 225w, https:\/\/mchm.ch\/neu\/wp-content\/uploads\/2024\/11\/Geb_Beat_2-1152x1536.jpg 1152w, https:\/\/mchm.ch\/neu\/wp-content\/uploads\/2024\/11\/Geb_Beat_2-1536x2048.jpg 1536w, https:\/\/mchm.ch\/neu\/wp-content\/uploads\/2024\/11\/Geb_Beat_2-scaled.jpg 1920w\" sizes=\"auto, (max-width: 620px) 100vw, 620px\" \/><\/a><\/p>\n","protected":false},"excerpt":{"rendered":"<p>Am 24. Oktober feierte unser ehemaliger Tenors\u00e4nger Beat Wyler seinen 70. Geburtstag. Eine Woche sp\u00e4ter brachten wir ihm und seinen Freunden von der Alterssiedlung Lindenb\u00fcel ein St\u00e4ndchen. Wir sangen acht Lieder, und die Stimmung war sowohl bei uns als auch &hellip; <a href=\"https:\/\/mchm.ch\/neu\/?p=8586\">Weiterlesen <span class=\"meta-nav\">&rarr;<\/span><\/a><\/p>\n","protected":false},"author":3,"featured_media":0,"comment_status":"open","ping_status":"closed","sticky":false,"template":"","format":"standard","meta":{"ngg_post_thumbnail":0,"footnotes":""},"categories":[1],"tags":[],"class_list":["post-8586","post","type-post","status-publish","format-standard","hentry","category-uncategorized"],"_links":{"self":[{"href":"https:\/\/mchm.ch\/neu\/index.php?rest_route=\/wp\/v2\/posts\/8586","targetHints":{"allow":["GET"]}}],"collection":[{"href":"https:\/\/mchm.ch\/neu\/index.php?rest_route=\/wp\/v2\/posts"}],"about":[{"href":"https:\/\/mchm.ch\/neu\/index.php?rest_route=\/wp\/v2\/types\/post"}],"author":[{"embeddable":true,"href":"https:\/\/mchm.ch\/neu\/index.php?rest_route=\/wp\/v2\/users\/3"}],"replies":[{"embeddable":true,"href":"https:\/\/mchm.ch\/neu\/index.php?rest_route=%2Fwp%2Fv2%2Fcomments&post=8586"}],"version-history":[{"count":2,"href":"https:\/\/mchm.ch\/neu\/index.php?rest_route=\/wp\/v2\/posts\/8586\/revisions"}],"predecessor-version":[{"id":8588,"href":"https:\/\/mchm.ch\/neu\/index.php?rest_route=\/wp\/v2\/posts\/8586\/revisions\/8588"}],"wp:attachment":[{"href":"https:\/\/mchm.ch\/neu\/index.php?rest_route=%2Fwp%2Fv2%2Fmedia&parent=8586"}],"wp:term":[{"taxonomy":"category","embeddable":true,"href":"https:\/\/mchm.ch\/neu\/index.php?rest_route=%2Fwp%2Fv2%2Fcategories&post=8586"},{"taxonomy":"post_tag","embeddable":true,"href":"https:\/\/mchm.ch\/neu\/index.php?rest_route=%2Fwp%2Fv2%2Ftags&post=8586"}],"curies":[{"name":"wp","href":"https:\/\/api.w.org\/{rel}","templated":true}]}}