{"id":8599,"date":"2025-03-07T14:21:29","date_gmt":"2025-03-07T13:21:29","guid":{"rendered":"https:\/\/mchm.ch\/neu\/?p=8599"},"modified":"2025-03-08T11:50:26","modified_gmt":"2025-03-08T10:50:26","slug":"in-memoriam-walter-brechbuehl","status":"publish","type":"post","link":"https:\/\/mchm.ch\/neu\/?p=8599","title":{"rendered":"In Memoriam Walter Brechb\u00fchl"},"content":{"rendered":"<p align=\"justify\"><span style=\"color: #000080;\"><a href=\"https:\/\/mchm.ch\/neu\/?attachment_id=8606\" rel=\"attachment wp-att-8606\"><img loading=\"lazy\" decoding=\"async\" class=\"size-large wp-image-8606 aligncenter\" src=\"https:\/\/mchm.ch\/neu\/wp-content\/uploads\/2025\/03\/Geselliger_Walter-746x1024.jpg\" alt=\"\" width=\"620\" height=\"851\" srcset=\"https:\/\/mchm.ch\/neu\/wp-content\/uploads\/2025\/03\/Geselliger_Walter-746x1024.jpg 746w, https:\/\/mchm.ch\/neu\/wp-content\/uploads\/2025\/03\/Geselliger_Walter-218x300.jpg 218w, https:\/\/mchm.ch\/neu\/wp-content\/uploads\/2025\/03\/Geselliger_Walter-768x1055.jpg 768w, https:\/\/mchm.ch\/neu\/wp-content\/uploads\/2025\/03\/Geselliger_Walter-1118x1536.jpg 1118w, https:\/\/mchm.ch\/neu\/wp-content\/uploads\/2025\/03\/Geselliger_Walter-1491x2048.jpg 1491w, https:\/\/mchm.ch\/neu\/wp-content\/uploads\/2025\/03\/Geselliger_Walter-scaled.jpg 1864w\" sizes=\"auto, (max-width: 620px) 100vw, 620px\" \/><\/a><\/span><\/p>\n<p align=\"justify\"><span style=\"color: #000080;\">Am Freitag, 28. Februar 2025 nahmen wir in der Kirche M\u00e4rstetten f\u00fcr immer Abschied von unserem lieben S\u00e4ngerkameraden Walter Brechb\u00fchl.<br \/>\n<\/span><span style=\"color: #000080;\">Walter war 53 Jahre lang Mitglied des M\u00e4nnerchors M\u00e4rstetten und Pr\u00e4sident in den Jahren 1978 bis 1987. Wir durften mit ihm bei Gesang, Feierlichkeiten und auf unvergesslichen Reisen viele fr\u00f6hliche und gesellige Stunden verbringen. Er war ein begnadeter S\u00e4nger, hatte eine sichere Stimme, sehr gute Notenkenntnisse und trat \u00f6fters als Solist auf. Zudem war er sehr diszipliniert. P\u00fcnktlichkeit war ihm sehr wichtig, genauso die Tonreinheit und die K\u00f6rperhaltung bei Auftritten. Der Schreibende erinnert sich daran, wie oft er selbst mit leerem Notenm\u00e4ppli in der Reihe gestanden hat. Man konnte so dem Dirigenten die volle Aufmerkamkeit schenken und es ergab sich trotzdem ein einheitliches Gesamtbild.<br \/>\n<\/span><span style=\"color: #000080;\">Lange Jahre machte Walter Tonaufnahmen von unseren Auftritten. Anfangs gespeichert auf Kassettenb\u00e4ndern und sp\u00e4ter auf CDs, welche von ihm bezogen werden konnten.<br \/>\n<\/span><span style=\"color: #000080;\">In relativ jungen Jahren erlitt Walter einen schwere Krankheit. Mehrere gef\u00e4hrliche Operationen musste er im Laufe der Jahre \u00fcber sich ergehen lassen. Wir alle freuten uns, wenn er sich jeweils wieder gut erholte und keine bleibenden Sch\u00e4den auftraten.<br \/>\n<\/span><span style=\"color: #000080;\">Mit den Jahren wurde sein Sehverm\u00f6gen aufgrund dieser Krankheit immer schlechter. Aber Walter war nicht der Typ, der aufgab. Der Schreibende erinnert sich an Besuche in Walters Haus. Im B\u00fcro war eine Computeranlage mit zwei Grossbildschirmen installiert. Auf dem Schirm, der die Men\u00fcs zeigte, war alles stark vergr\u00f6ssert. So konnte er sogar Noten schreiben oder eingescannte Bl\u00e4tter \u00abzerschneiden\u00bb und vergr\u00f6ssert ausdrucken f\u00fcr seinen Notenordner. Er war der Typ, der sich sagte: \u00abGeht nicht gibt\u2019s<span style=\"font-family: HelveticaNeueLT Com 55 Roman, sans-serif;\"> nicht!\u00bb<br \/>\n<\/span><\/span><span style=\"color: #000080;\">Im Sommer 2022 musste Walter seine aktive S\u00e4ngerzeit doch noch aus gesundheitlichen Gr\u00fcnden beenden. Neue Operationen und Behandlungen folgten, aber Walter wurde schw\u00e4cher und schw\u00e4cher. Zu seinem 90. Geburtstag wollten wir ihm ein St\u00e4ndchen darbringen, dies musste aber aus gesundheitlichen Gr\u00fcnden entfallen. Am 21. Februar ist Walter nun f\u00fcr immer von uns gegangen. Mit ihm haben wir einen treuen und lieben Kameraden verloren.<\/span><\/p>\n","protected":false},"excerpt":{"rendered":"<p>Am Freitag, 28. Februar 2025 nahmen wir in der Kirche M\u00e4rstetten f\u00fcr immer Abschied von unserem lieben S\u00e4ngerkameraden Walter Brechb\u00fchl. Walter war 53 Jahre lang Mitglied des M\u00e4nnerchors M\u00e4rstetten und Pr\u00e4sident in den Jahren 1978 bis 1987. Wir durften mit &hellip; <a href=\"https:\/\/mchm.ch\/neu\/?p=8599\">Weiterlesen <span class=\"meta-nav\">&rarr;<\/span><\/a><\/p>\n","protected":false},"author":3,"featured_media":0,"comment_status":"open","ping_status":"closed","sticky":false,"template":"","format":"standard","meta":{"ngg_post_thumbnail":0,"footnotes":""},"categories":[1],"tags":[],"class_list":["post-8599","post","type-post","status-publish","format-standard","hentry","category-uncategorized"],"_links":{"self":[{"href":"https:\/\/mchm.ch\/neu\/index.php?rest_route=\/wp\/v2\/posts\/8599","targetHints":{"allow":["GET"]}}],"collection":[{"href":"https:\/\/mchm.ch\/neu\/index.php?rest_route=\/wp\/v2\/posts"}],"about":[{"href":"https:\/\/mchm.ch\/neu\/index.php?rest_route=\/wp\/v2\/types\/post"}],"author":[{"embeddable":true,"href":"https:\/\/mchm.ch\/neu\/index.php?rest_route=\/wp\/v2\/users\/3"}],"replies":[{"embeddable":true,"href":"https:\/\/mchm.ch\/neu\/index.php?rest_route=%2Fwp%2Fv2%2Fcomments&post=8599"}],"version-history":[{"count":14,"href":"https:\/\/mchm.ch\/neu\/index.php?rest_route=\/wp\/v2\/posts\/8599\/revisions"}],"predecessor-version":[{"id":8614,"href":"https:\/\/mchm.ch\/neu\/index.php?rest_route=\/wp\/v2\/posts\/8599\/revisions\/8614"}],"wp:attachment":[{"href":"https:\/\/mchm.ch\/neu\/index.php?rest_route=%2Fwp%2Fv2%2Fmedia&parent=8599"}],"wp:term":[{"taxonomy":"category","embeddable":true,"href":"https:\/\/mchm.ch\/neu\/index.php?rest_route=%2Fwp%2Fv2%2Fcategories&post=8599"},{"taxonomy":"post_tag","embeddable":true,"href":"https:\/\/mchm.ch\/neu\/index.php?rest_route=%2Fwp%2Fv2%2Ftags&post=8599"}],"curies":[{"name":"wp","href":"https:\/\/api.w.org\/{rel}","templated":true}]}}