{"id":8667,"date":"2025-07-15T10:54:44","date_gmt":"2025-07-15T08:54:44","guid":{"rendered":"https:\/\/mchm.ch\/neu\/?p=8667"},"modified":"2025-07-15T11:04:12","modified_gmt":"2025-07-15T09:04:12","slug":"abschied-von-unserem-chorleiter","status":"publish","type":"post","link":"https:\/\/mchm.ch\/neu\/?p=8667","title":{"rendered":"Abschied von unserem Chorleiter"},"content":{"rendered":"<p class=\"western\" align=\"justify\"><span style=\"color: #000080;\"><a href=\"https:\/\/mchm.ch\/neu\/?attachment_id=8657\" rel=\"attachment wp-att-8657\"><img loading=\"lazy\" decoding=\"async\" class=\"alignleft wp-image-8657\" src=\"https:\/\/mchm.ch\/neu\/wp-content\/uploads\/2025\/07\/jakub-275x300.jpg\" alt=\"\" width=\"250\" height=\"272\" srcset=\"https:\/\/mchm.ch\/neu\/wp-content\/uploads\/2025\/07\/jakub-275x300.jpg 275w, https:\/\/mchm.ch\/neu\/wp-content\/uploads\/2025\/07\/jakub.jpg 697w\" sizes=\"auto, (max-width: 250px) 100vw, 250px\" \/><\/a>Am fr\u00fchen Abend des 3. Juni 2025 versammelte sich der M\u00e4nnerchor auf dem Hof unseres Mits\u00e4ngers Kurt St\u00e4heli. Statt einer regul\u00e4ren Probe veranstalteten wir eine Abschiedsparty f\u00fcr unseren langj\u00e4hrigen Chorleiter Jakub Dzialak. Es war ein Abend mit viel Gesang, dirigiert von unserem Vizedirigenten Dominik. Aber auch das leibliche Wohl kam nicht zu kurz. Es gab W\u00fcrste vom Grill, Getr\u00e4nke nach Wunsch und auch die legend\u00e4ren Kuchen und Torten, gemacht von Kurts Mutter Trudi St\u00e4heli.<\/span><\/p>\n<p class=\"western\" align=\"justify\"><span style=\"color: #000080;\">Jakub wurde mit einer kleinen Ansprache unseres Pr\u00e4sidenten Hans Zwicky geehrt. Er hat unseren Chor elf Jahre lang mit viel Herzblut geleitet. Wir haben in dieser Zeit viel gelernt und konnten unter seiner F\u00fchrung einige sch\u00f6ne Erfolge feiern. Nun gehen wir und auch Jakub neue Wege; wer weiss, wohin sie f\u00fchren werden. Was bleibt, ist die Erinnerung an strenge Proben, einige erfolgreiche Auftritte und viele gesellige Stunden im Kreise des Vereins.<\/span><\/p>\n<p class=\"western\" align=\"justify\"><span style=\"color: #000080;\">Lieber Jakub, wir danken Dir f\u00fcr alles, was Du f\u00fcr uns getan hast. Wir werden Dich in guter Erinnerung behalten. Dir und Deiner Familie w\u00fcnschen wir f\u00fcr die Zukunft alles Gute, vor allem Gesundheit und beruflichen Erfolg.<\/span><\/p>\n<p align=\"justify\"><a href=\"https:\/\/mchm.ch\/neu\/?attachment_id=8659\" rel=\"attachment wp-att-8659\"><img loading=\"lazy\" decoding=\"async\" class=\"alignleft size-large wp-image-8659\" src=\"https:\/\/mchm.ch\/neu\/wp-content\/uploads\/2025\/07\/jakub3-1024x404.jpg\" alt=\"\" width=\"620\" height=\"245\" srcset=\"https:\/\/mchm.ch\/neu\/wp-content\/uploads\/2025\/07\/jakub3-1024x404.jpg 1024w, https:\/\/mchm.ch\/neu\/wp-content\/uploads\/2025\/07\/jakub3-300x118.jpg 300w, https:\/\/mchm.ch\/neu\/wp-content\/uploads\/2025\/07\/jakub3-768x303.jpg 768w, https:\/\/mchm.ch\/neu\/wp-content\/uploads\/2025\/07\/jakub3-1536x606.jpg 1536w, https:\/\/mchm.ch\/neu\/wp-content\/uploads\/2025\/07\/jakub3-2048x808.jpg 2048w\" sizes=\"auto, (max-width: 620px) 100vw, 620px\" \/><\/a><\/p>\n","protected":false},"excerpt":{"rendered":"<p>Am fr\u00fchen Abend des 3. Juni 2025 versammelte sich der M\u00e4nnerchor auf dem Hof unseres Mits\u00e4ngers Kurt St\u00e4heli. Statt einer regul\u00e4ren Probe veranstalteten wir eine Abschiedsparty f\u00fcr unseren langj\u00e4hrigen Chorleiter Jakub Dzialak. Es war ein Abend mit viel Gesang, dirigiert &hellip; <a href=\"https:\/\/mchm.ch\/neu\/?p=8667\">Weiterlesen <span class=\"meta-nav\">&rarr;<\/span><\/a><\/p>\n","protected":false},"author":3,"featured_media":0,"comment_status":"open","ping_status":"closed","sticky":false,"template":"","format":"standard","meta":{"ngg_post_thumbnail":0,"footnotes":""},"categories":[1],"tags":[],"class_list":["post-8667","post","type-post","status-publish","format-standard","hentry","category-uncategorized"],"_links":{"self":[{"href":"https:\/\/mchm.ch\/neu\/index.php?rest_route=\/wp\/v2\/posts\/8667","targetHints":{"allow":["GET"]}}],"collection":[{"href":"https:\/\/mchm.ch\/neu\/index.php?rest_route=\/wp\/v2\/posts"}],"about":[{"href":"https:\/\/mchm.ch\/neu\/index.php?rest_route=\/wp\/v2\/types\/post"}],"author":[{"embeddable":true,"href":"https:\/\/mchm.ch\/neu\/index.php?rest_route=\/wp\/v2\/users\/3"}],"replies":[{"embeddable":true,"href":"https:\/\/mchm.ch\/neu\/index.php?rest_route=%2Fwp%2Fv2%2Fcomments&post=8667"}],"version-history":[{"count":7,"href":"https:\/\/mchm.ch\/neu\/index.php?rest_route=\/wp\/v2\/posts\/8667\/revisions"}],"predecessor-version":[{"id":8674,"href":"https:\/\/mchm.ch\/neu\/index.php?rest_route=\/wp\/v2\/posts\/8667\/revisions\/8674"}],"wp:attachment":[{"href":"https:\/\/mchm.ch\/neu\/index.php?rest_route=%2Fwp%2Fv2%2Fmedia&parent=8667"}],"wp:term":[{"taxonomy":"category","embeddable":true,"href":"https:\/\/mchm.ch\/neu\/index.php?rest_route=%2Fwp%2Fv2%2Fcategories&post=8667"},{"taxonomy":"post_tag","embeddable":true,"href":"https:\/\/mchm.ch\/neu\/index.php?rest_route=%2Fwp%2Fv2%2Ftags&post=8667"}],"curies":[{"name":"wp","href":"https:\/\/api.w.org\/{rel}","templated":true}]}}