{"id":8677,"date":"2025-07-15T11:30:22","date_gmt":"2025-07-15T09:30:22","guid":{"rendered":"https:\/\/mchm.ch\/neu\/?p=8677"},"modified":"2025-10-03T14:52:27","modified_gmt":"2025-10-03T12:52:27","slug":"letzte-einkehr-im-roessli","status":"publish","type":"post","link":"https:\/\/mchm.ch\/neu\/?p=8677","title":{"rendered":"Letzte Einkehr im R\u00f6ssli"},"content":{"rendered":"<p class=\"western\" align=\"justify\"><span style=\"color: #000080;\"><a href=\"https:\/\/mchm.ch\/neu\/?attachment_id=8684\" rel=\"attachment wp-att-8684\"><img loading=\"lazy\" decoding=\"async\" class=\"alignleft wp-image-8684\" src=\"https:\/\/mchm.ch\/neu\/wp-content\/uploads\/2025\/07\/Doris.jpg\" alt=\"\" width=\"243\" height=\"319\" srcset=\"https:\/\/mchm.ch\/neu\/wp-content\/uploads\/2025\/07\/Doris.jpg 568w, https:\/\/mchm.ch\/neu\/wp-content\/uploads\/2025\/07\/Doris-228x300.jpg 228w\" sizes=\"auto, (max-width: 243px) 100vw, 243px\" \/><\/a>Am Donnerstag, 10. Juli, kehrte der M\u00e4nnerchor M\u00e4rstetten zum letzten Mal vor der Sommerpause im Restaurant R\u00f6ssli ein. Bei sommerlich warmem Wetter versammelten sich die S\u00e4nger zu einem gem\u00fctlichen Abend und liessen mit ein paar geselligen Liedern ihre Stimmen erklingen. <\/span><br \/>\n<span style=\"color: #000080;\">Besonders zu Herzen gehend war die kleine Dankeszeremonie: Pr\u00e4sident Hans Zwicky \u00fcberreichte der Wirtin Doris Fischer einen wundersch\u00f6nen Blumenstrauss und sprach im Namen des Chors seinen herzlichen Dank aus. Durfte doch der M\u00e4nnerchor das R\u00f6ssli in den vergangenen Jahren immer wieder als willkommenen Treffpunkt f\u00fcr Probenabschl\u00fcsse, sogenannte \u00abfeuchte Proben\u00bb und gesellige Stunden nutzen. <\/span><br \/>\n<span style=\"color: #000080;\">Doris Fischer \u00fcberraschte die S\u00e4nger zum Abschied mit Kaffee und feinem Kuchen \u2013 eine Geste, f\u00fcr die sich der Chor ebenfalls herzlich bedankte. <\/span><br \/>\n<span style=\"color: #000080;\">Wie es mit dem Restaurant R\u00f6ssli weitergeht, wird sich weisen. Der M\u00e4nnerchor w\u00fcnscht Doris Fischer von Herzen alles Gute f\u00fcr die Zukunft.<\/span><\/p>\n<p align=\"justify\"><a href=\"https:\/\/mchm.ch\/neu\/?attachment_id=8683\" rel=\"attachment wp-att-8683\"><img loading=\"lazy\" decoding=\"async\" class=\"alignleft size-large wp-image-8683\" src=\"https:\/\/mchm.ch\/neu\/wp-content\/uploads\/2025\/07\/Chorgruppe-1024x721.jpg\" alt=\"\" width=\"620\" height=\"437\" srcset=\"https:\/\/mchm.ch\/neu\/wp-content\/uploads\/2025\/07\/Chorgruppe-1024x721.jpg 1024w, https:\/\/mchm.ch\/neu\/wp-content\/uploads\/2025\/07\/Chorgruppe-300x211.jpg 300w, https:\/\/mchm.ch\/neu\/wp-content\/uploads\/2025\/07\/Chorgruppe-768x540.jpg 768w, https:\/\/mchm.ch\/neu\/wp-content\/uploads\/2025\/07\/Chorgruppe.jpg 1063w\" sizes=\"auto, (max-width: 620px) 100vw, 620px\" \/><\/a><\/p>\n","protected":false},"excerpt":{"rendered":"<p>Am Donnerstag, 10. Juli, kehrte der M\u00e4nnerchor M\u00e4rstetten zum letzten Mal vor der Sommerpause im Restaurant R\u00f6ssli ein. Bei sommerlich warmem Wetter versammelten sich die S\u00e4nger zu einem gem\u00fctlichen Abend und liessen mit ein paar geselligen Liedern ihre Stimmen erklingen. &hellip; <a href=\"https:\/\/mchm.ch\/neu\/?p=8677\">Weiterlesen <span class=\"meta-nav\">&rarr;<\/span><\/a><\/p>\n","protected":false},"author":3,"featured_media":0,"comment_status":"open","ping_status":"closed","sticky":false,"template":"","format":"standard","meta":{"ngg_post_thumbnail":0,"footnotes":""},"categories":[1],"tags":[],"class_list":["post-8677","post","type-post","status-publish","format-standard","hentry","category-uncategorized"],"_links":{"self":[{"href":"https:\/\/mchm.ch\/neu\/index.php?rest_route=\/wp\/v2\/posts\/8677","targetHints":{"allow":["GET"]}}],"collection":[{"href":"https:\/\/mchm.ch\/neu\/index.php?rest_route=\/wp\/v2\/posts"}],"about":[{"href":"https:\/\/mchm.ch\/neu\/index.php?rest_route=\/wp\/v2\/types\/post"}],"author":[{"embeddable":true,"href":"https:\/\/mchm.ch\/neu\/index.php?rest_route=\/wp\/v2\/users\/3"}],"replies":[{"embeddable":true,"href":"https:\/\/mchm.ch\/neu\/index.php?rest_route=%2Fwp%2Fv2%2Fcomments&post=8677"}],"version-history":[{"count":7,"href":"https:\/\/mchm.ch\/neu\/index.php?rest_route=\/wp\/v2\/posts\/8677\/revisions"}],"predecessor-version":[{"id":8688,"href":"https:\/\/mchm.ch\/neu\/index.php?rest_route=\/wp\/v2\/posts\/8677\/revisions\/8688"}],"wp:attachment":[{"href":"https:\/\/mchm.ch\/neu\/index.php?rest_route=%2Fwp%2Fv2%2Fmedia&parent=8677"}],"wp:term":[{"taxonomy":"category","embeddable":true,"href":"https:\/\/mchm.ch\/neu\/index.php?rest_route=%2Fwp%2Fv2%2Fcategories&post=8677"},{"taxonomy":"post_tag","embeddable":true,"href":"https:\/\/mchm.ch\/neu\/index.php?rest_route=%2Fwp%2Fv2%2Ftags&post=8677"}],"curies":[{"name":"wp","href":"https:\/\/api.w.org\/{rel}","templated":true}]}}