{"id":8738,"date":"2025-10-03T14:38:53","date_gmt":"2025-10-03T12:38:53","guid":{"rendered":"https:\/\/mchm.ch\/neu\/?p=8738"},"modified":"2025-10-03T14:50:53","modified_gmt":"2025-10-03T12:50:53","slug":"unser-praesident-feiert-geburtstag-2","status":"publish","type":"post","link":"https:\/\/mchm.ch\/neu\/?p=8738","title":{"rendered":"Gem\u00fctlicher Ausgang nach der Singprobe"},"content":{"rendered":"<h5 class=\"western\" align=\"justify\"><span style=\"color: #000080;\">Unser Pr\u00e4sident feiert Geburtstag<\/span><\/h5>\n<p class=\"western\" align=\"justify\"><span style=\"color: #000080;\"><a href=\"https:\/\/mchm.ch\/neu\/?attachment_id=8746\" rel=\"attachment wp-att-8746\"><img loading=\"lazy\" decoding=\"async\" class=\"size-full wp-image-8746 aligncenter\" src=\"https:\/\/mchm.ch\/neu\/wp-content\/uploads\/2025\/10\/Geb_Hans_1.jpeg\" alt=\"\" width=\"591\" height=\"385\" srcset=\"https:\/\/mchm.ch\/neu\/wp-content\/uploads\/2025\/10\/Geb_Hans_1.jpeg 591w, https:\/\/mchm.ch\/neu\/wp-content\/uploads\/2025\/10\/Geb_Hans_1-300x195.jpeg 300w\" sizes=\"auto, (max-width: 591px) 100vw, 591px\" \/><\/a><\/span><span style=\"color: #000080;\">Nach der gestrigen Singprobe des M\u00e4nnerchors M\u00e4rstetten, am 2. Oktober 2025, gab es noch einen besonderen Grund zum Anstossen: Unser Pr\u00e4sident Hans Zwicky feierte im Kreise seiner Mits\u00e4nger seinen 64. Geburtstag. Zu diesem Anlass lud er den Chor zu einem feinen Ap\u00e9ro ein. <\/span><br \/>\n<span style=\"color: #000080;\">Die S\u00e4ngerkameraden genossen das gem\u00fctliche Beisammensein, stiessen auf das Geburtstagskind an und dankten Hans herzlich f\u00fcr seine Grossz\u00fcgigkeit und sein unerm\u00fcdliches Engagement f\u00fcr den Chor. <\/span><br \/>\n<span style=\"color: #000080;\">Der M\u00e4nnerchor M\u00e4rstetten w\u00fcnscht seinem Pr\u00e4sidenten weiterhin beste Gesundheit, viel Freude am Singen und alles Gute f\u00fcr das neue Lebensjahr!<\/span><\/p>\n<p align=\"justify\"><a href=\"https:\/\/mchm.ch\/neu\/?attachment_id=8747\" rel=\"attachment wp-att-8747\"><img loading=\"lazy\" decoding=\"async\" class=\"alignleft size-full wp-image-8747\" src=\"https:\/\/mchm.ch\/neu\/wp-content\/uploads\/2025\/10\/Geb_Hans_2.jpeg\" alt=\"\" width=\"591\" height=\"285\" srcset=\"https:\/\/mchm.ch\/neu\/wp-content\/uploads\/2025\/10\/Geb_Hans_2.jpeg 591w, https:\/\/mchm.ch\/neu\/wp-content\/uploads\/2025\/10\/Geb_Hans_2-300x145.jpeg 300w\" sizes=\"auto, (max-width: 591px) 100vw, 591px\" \/><\/a><\/p>\n","protected":false},"excerpt":{"rendered":"<p>Unser Pr\u00e4sident feiert Geburtstag Nach der gestrigen Singprobe des M\u00e4nnerchors M\u00e4rstetten, am 2. Oktober 2025, gab es noch einen besonderen Grund zum Anstossen: Unser Pr\u00e4sident Hans Zwicky feierte im Kreise seiner Mits\u00e4nger seinen 64. Geburtstag. Zu diesem Anlass lud er &hellip; <a href=\"https:\/\/mchm.ch\/neu\/?p=8738\">Weiterlesen <span class=\"meta-nav\">&rarr;<\/span><\/a><\/p>\n","protected":false},"author":3,"featured_media":0,"comment_status":"open","ping_status":"closed","sticky":false,"template":"","format":"standard","meta":{"ngg_post_thumbnail":0,"footnotes":""},"categories":[1],"tags":[],"class_list":["post-8738","post","type-post","status-publish","format-standard","hentry","category-uncategorized"],"_links":{"self":[{"href":"https:\/\/mchm.ch\/neu\/index.php?rest_route=\/wp\/v2\/posts\/8738","targetHints":{"allow":["GET"]}}],"collection":[{"href":"https:\/\/mchm.ch\/neu\/index.php?rest_route=\/wp\/v2\/posts"}],"about":[{"href":"https:\/\/mchm.ch\/neu\/index.php?rest_route=\/wp\/v2\/types\/post"}],"author":[{"embeddable":true,"href":"https:\/\/mchm.ch\/neu\/index.php?rest_route=\/wp\/v2\/users\/3"}],"replies":[{"embeddable":true,"href":"https:\/\/mchm.ch\/neu\/index.php?rest_route=%2Fwp%2Fv2%2Fcomments&post=8738"}],"version-history":[{"count":8,"href":"https:\/\/mchm.ch\/neu\/index.php?rest_route=\/wp\/v2\/posts\/8738\/revisions"}],"predecessor-version":[{"id":8750,"href":"https:\/\/mchm.ch\/neu\/index.php?rest_route=\/wp\/v2\/posts\/8738\/revisions\/8750"}],"wp:attachment":[{"href":"https:\/\/mchm.ch\/neu\/index.php?rest_route=%2Fwp%2Fv2%2Fmedia&parent=8738"}],"wp:term":[{"taxonomy":"category","embeddable":true,"href":"https:\/\/mchm.ch\/neu\/index.php?rest_route=%2Fwp%2Fv2%2Fcategories&post=8738"},{"taxonomy":"post_tag","embeddable":true,"href":"https:\/\/mchm.ch\/neu\/index.php?rest_route=%2Fwp%2Fv2%2Ftags&post=8738"}],"curies":[{"name":"wp","href":"https:\/\/api.w.org\/{rel}","templated":true}]}}