{"id":8752,"date":"2025-11-03T19:48:55","date_gmt":"2025-11-03T18:48:55","guid":{"rendered":"https:\/\/mchm.ch\/neu\/?p=8752"},"modified":"2025-11-04T10:31:11","modified_gmt":"2025-11-04T09:31:11","slug":"8752","status":"publish","type":"post","link":"https:\/\/mchm.ch\/neu\/?p=8752","title":{"rendered":"M\u00e4nnerchorlieder und Jodelkl\u00e4nge"},"content":{"rendered":"<p class=\"western\" align=\"justify\"><a href=\"https:\/\/mchm.ch\/neu\/?attachment_id=8755\" rel=\"attachment wp-att-8755\"><img loading=\"lazy\" decoding=\"async\" class=\"wp-image-8755 alignnone\" src=\"https:\/\/mchm.ch\/neu\/wp-content\/uploads\/2025\/11\/MCH_JCO-1024x683.jpg\" alt=\"\" width=\"594\" height=\"396\" srcset=\"https:\/\/mchm.ch\/neu\/wp-content\/uploads\/2025\/11\/MCH_JCO-1024x683.jpg 1024w, https:\/\/mchm.ch\/neu\/wp-content\/uploads\/2025\/11\/MCH_JCO-300x200.jpg 300w, https:\/\/mchm.ch\/neu\/wp-content\/uploads\/2025\/11\/MCH_JCO-768x512.jpg 768w, https:\/\/mchm.ch\/neu\/wp-content\/uploads\/2025\/11\/MCH_JCO.jpg 1417w\" sizes=\"auto, (max-width: 594px) 100vw, 594px\" \/><\/a><span style=\"color: #000080;\">Am Samstag, 25. Oktober fand in der Kirche M\u00e4rstetten ein \u00abgrenz\u00fcbergreifendes\u00bb<\/span> <span style=\"color: #000080;\">Konzert statt. Das Gemischte Jodelch\u00f6rli Ottenberg und der M\u00e4nnerchor M\u00e4rstetten luden zum gemeinsamen Herbstkonzert. F\u00fcr einmal konnte das zahlreich erschienene Publikum am selben Abend \u00abklassische\u00bb M\u00e4nnerchorlieder und Jodelvortr\u00e4ge h\u00f6ren. Die beiden Chorleiterinnen Christine Tschanz vom Jodelch\u00f6rli und Bianca Schiegg vom M\u00e4nnerchor hatten ihre S\u00e4nger mit viel Herzblut auf den Anlass vorbereitet. Ist doch die Art des Singens bei Jodelliedern sehr unterschiedlich zur Gesangsweise eines M\u00e4nnerchors. Aber der Aufwand hat sich gelohnt; die S\u00e4ngerinnen und S\u00e4nger beider Ch\u00f6re gaben ihr Bestes und das Ergebnis konnte sich h\u00f6ren lassen.<\/span><br \/>\n<span style=\"color: #000080;\">Zum Einstieg sangen beide Ch\u00f6re gemeinsam die Jodelversion des Liedes Bajazzo, bearbeitet von Heinz G\u00fcller. Danach folgten jeweils zwei Lieder vom Jodelch\u00f6rli und zwei vom M\u00e4nnerchor. Beide Ch\u00f6re wurden am Ende dieses Teils mit Applaus um eine Zugabe gebeten. Das Jodelch\u00f6rli sang \u00abDanke s\u00e4ge\u00bb von Thomas und Sepp Herger und der M\u00e4nnerchor \u00abLouenensee\u00bb von Georges M\u00fcller, arrangiert von Mario Th\u00fcrig.<\/span><br \/>\n<span style=\"color: #000080;\">Am Schluss des Konzerts erklang der \u00abWaldfride-Jutz\u00bb von Heinz G\u00fcller, gemeinsam gesungen von J\u00f6delch\u00f6rli und M\u00e4nnerchor. Auch dieses Lied wurde nach viel Applaus noch einmal wiederholt.<\/span><br \/>\n<span style=\"color: #000080;\">Nach dem Konzert traf man sich im Kirchgemeindehaus zum Ap\u00e9ro. Dort wurde noch lange die Gemeinschaft mit dem Publikum und unter den S\u00e4ngerinnen und S\u00e4ngern gepflegt.<\/span><br \/>\n<a href=\"https:\/\/mchm.ch\/neu\/?attachment_id=8778\" rel=\"attachment wp-att-8778\"><img loading=\"lazy\" decoding=\"async\" class=\"alignleft size-full wp-image-8778\" src=\"https:\/\/mchm.ch\/neu\/wp-content\/uploads\/2025\/11\/Jodler.jpg\" alt=\"\" width=\"943\" height=\"570\" srcset=\"https:\/\/mchm.ch\/neu\/wp-content\/uploads\/2025\/11\/Jodler.jpg 943w, https:\/\/mchm.ch\/neu\/wp-content\/uploads\/2025\/11\/Jodler-300x181.jpg 300w, https:\/\/mchm.ch\/neu\/wp-content\/uploads\/2025\/11\/Jodler-768x464.jpg 768w\" sizes=\"auto, (max-width: 943px) 100vw, 943px\" \/><\/a><\/p>\n","protected":false},"excerpt":{"rendered":"<p>Am Samstag, 25. Oktober fand in der Kirche M\u00e4rstetten ein \u00abgrenz\u00fcbergreifendes\u00bb Konzert statt. Das Gemischte Jodelch\u00f6rli Ottenberg und der M\u00e4nnerchor M\u00e4rstetten luden zum gemeinsamen Herbstkonzert. F\u00fcr einmal konnte das zahlreich erschienene Publikum am selben Abend \u00abklassische\u00bb M\u00e4nnerchorlieder und Jodelvortr\u00e4ge h\u00f6ren. &hellip; <a href=\"https:\/\/mchm.ch\/neu\/?p=8752\">Weiterlesen <span class=\"meta-nav\">&rarr;<\/span><\/a><\/p>\n","protected":false},"author":3,"featured_media":0,"comment_status":"open","ping_status":"closed","sticky":false,"template":"","format":"standard","meta":{"ngg_post_thumbnail":0,"footnotes":""},"categories":[1],"tags":[],"class_list":["post-8752","post","type-post","status-publish","format-standard","hentry","category-uncategorized"],"_links":{"self":[{"href":"https:\/\/mchm.ch\/neu\/index.php?rest_route=\/wp\/v2\/posts\/8752","targetHints":{"allow":["GET"]}}],"collection":[{"href":"https:\/\/mchm.ch\/neu\/index.php?rest_route=\/wp\/v2\/posts"}],"about":[{"href":"https:\/\/mchm.ch\/neu\/index.php?rest_route=\/wp\/v2\/types\/post"}],"author":[{"embeddable":true,"href":"https:\/\/mchm.ch\/neu\/index.php?rest_route=\/wp\/v2\/users\/3"}],"replies":[{"embeddable":true,"href":"https:\/\/mchm.ch\/neu\/index.php?rest_route=%2Fwp%2Fv2%2Fcomments&post=8752"}],"version-history":[{"count":23,"href":"https:\/\/mchm.ch\/neu\/index.php?rest_route=\/wp\/v2\/posts\/8752\/revisions"}],"predecessor-version":[{"id":8780,"href":"https:\/\/mchm.ch\/neu\/index.php?rest_route=\/wp\/v2\/posts\/8752\/revisions\/8780"}],"wp:attachment":[{"href":"https:\/\/mchm.ch\/neu\/index.php?rest_route=%2Fwp%2Fv2%2Fmedia&parent=8752"}],"wp:term":[{"taxonomy":"category","embeddable":true,"href":"https:\/\/mchm.ch\/neu\/index.php?rest_route=%2Fwp%2Fv2%2Fcategories&post=8752"},{"taxonomy":"post_tag","embeddable":true,"href":"https:\/\/mchm.ch\/neu\/index.php?rest_route=%2Fwp%2Fv2%2Ftags&post=8752"}],"curies":[{"name":"wp","href":"https:\/\/api.w.org\/{rel}","templated":true}]}}