{"id":8797,"date":"2026-02-04T16:37:58","date_gmt":"2026-02-04T15:37:58","guid":{"rendered":"https:\/\/mchm.ch\/neu\/?p=8797"},"modified":"2026-02-13T11:15:46","modified_gmt":"2026-02-13T10:15:46","slug":"hilarius-2026","status":"publish","type":"post","link":"https:\/\/mchm.ch\/neu\/?p=8797","title":{"rendered":"Hilarius 2026"},"content":{"rendered":"<p>&nbsp;<\/p>\n<p><a href=\"https:\/\/mchm.ch\/neu\/?attachment_id=8793\" rel=\"attachment wp-att-8793\"><img loading=\"lazy\" decoding=\"async\" class=\"size-large wp-image-8793 aligncenter\" src=\"https:\/\/mchm.ch\/neu\/wp-content\/uploads\/2026\/02\/Hilaeri_2026-1024x683.jpg\" alt=\"\" width=\"620\" height=\"414\" srcset=\"https:\/\/mchm.ch\/neu\/wp-content\/uploads\/2026\/02\/Hilaeri_2026-1024x683.jpg 1024w, https:\/\/mchm.ch\/neu\/wp-content\/uploads\/2026\/02\/Hilaeri_2026-300x200.jpg 300w, https:\/\/mchm.ch\/neu\/wp-content\/uploads\/2026\/02\/Hilaeri_2026-768x512.jpg 768w, https:\/\/mchm.ch\/neu\/wp-content\/uploads\/2026\/02\/Hilaeri_2026-1536x1024.jpg 1536w, https:\/\/mchm.ch\/neu\/wp-content\/uploads\/2026\/02\/Hilaeri_2026.jpg 1992w\" sizes=\"auto, (max-width: 620px) 100vw, 620px\" \/><\/a><\/p>\n<p class=\"western\" align=\"justify\"><span style=\"color: #000080;\">Am diesj\u00e4hrigen Hilariusabend trat der M\u00e4nnerchor als H\u00fchnerschar auf. Unsere Produktion beinhaltete auch die zwei Lieder \u00abIch wollt, ich w\u00e4r ein Huhn\u00bb und \u00abAch, wir H\u00fchner\u00bb. Dazu eine kurze Bemerkung: \u00abDas Huhn\u00bb, grammatisch neutral, also \u00abEs\u00bb. Im Zusammenhang mit dem Hilariusabend erinnert mich das an etwas . . . <\/span><br \/>\n<span style=\"color: #000080;\">Doch, um bei der Sache zu bleiben: der Auftritt schien den Anwesenden zu gefallen, wir wurden jedenfalls mit kr\u00e4ftigem Applaus belohnt. <\/span><br \/>\n<span style=\"color: #000080;\">Wir danken f\u00fcr die Einladung zu diesem traditionellen Anlass und w\u00fcrden uns freuen, n\u00e4chstes Jahr wieder dabeisein zu d\u00fcrfen.<\/span><\/p>\n","protected":false},"excerpt":{"rendered":"<p>&nbsp; Am diesj\u00e4hrigen Hilariusabend trat der M\u00e4nnerchor als H\u00fchnerschar auf. Unsere Produktion beinhaltete auch die zwei Lieder \u00abIch wollt, ich w\u00e4r ein Huhn\u00bb und \u00abAch, wir H\u00fchner\u00bb. Dazu eine kurze Bemerkung: \u00abDas Huhn\u00bb, grammatisch neutral, also \u00abEs\u00bb. Im Zusammenhang mit &hellip; <a href=\"https:\/\/mchm.ch\/neu\/?p=8797\">Weiterlesen <span class=\"meta-nav\">&rarr;<\/span><\/a><\/p>\n","protected":false},"author":3,"featured_media":0,"comment_status":"open","ping_status":"closed","sticky":false,"template":"","format":"standard","meta":{"ngg_post_thumbnail":0,"footnotes":""},"categories":[1],"tags":[],"class_list":["post-8797","post","type-post","status-publish","format-standard","hentry","category-uncategorized"],"_links":{"self":[{"href":"https:\/\/mchm.ch\/neu\/index.php?rest_route=\/wp\/v2\/posts\/8797","targetHints":{"allow":["GET"]}}],"collection":[{"href":"https:\/\/mchm.ch\/neu\/index.php?rest_route=\/wp\/v2\/posts"}],"about":[{"href":"https:\/\/mchm.ch\/neu\/index.php?rest_route=\/wp\/v2\/types\/post"}],"author":[{"embeddable":true,"href":"https:\/\/mchm.ch\/neu\/index.php?rest_route=\/wp\/v2\/users\/3"}],"replies":[{"embeddable":true,"href":"https:\/\/mchm.ch\/neu\/index.php?rest_route=%2Fwp%2Fv2%2Fcomments&post=8797"}],"version-history":[{"count":11,"href":"https:\/\/mchm.ch\/neu\/index.php?rest_route=\/wp\/v2\/posts\/8797\/revisions"}],"predecessor-version":[{"id":8809,"href":"https:\/\/mchm.ch\/neu\/index.php?rest_route=\/wp\/v2\/posts\/8797\/revisions\/8809"}],"wp:attachment":[{"href":"https:\/\/mchm.ch\/neu\/index.php?rest_route=%2Fwp%2Fv2%2Fmedia&parent=8797"}],"wp:term":[{"taxonomy":"category","embeddable":true,"href":"https:\/\/mchm.ch\/neu\/index.php?rest_route=%2Fwp%2Fv2%2Fcategories&post=8797"},{"taxonomy":"post_tag","embeddable":true,"href":"https:\/\/mchm.ch\/neu\/index.php?rest_route=%2Fwp%2Fv2%2Ftags&post=8797"}],"curies":[{"name":"wp","href":"https:\/\/api.w.org\/{rel}","templated":true}]}}